{"id":986,"date":"2017-06-11T18:03:43","date_gmt":"2017-06-11T18:03:43","guid":{"rendered":"http:\/\/www.periciadocumental.es\/?p=986"},"modified":"2017-06-12T05:53:55","modified_gmt":"2017-06-12T05:53:55","slug":"analisis-multiespectral-en-documentos","status":"publish","type":"post","link":"https:\/\/www.periciadocumental.es\/index.php\/2017\/06\/11\/analisis-multiespectral-en-documentos\/","title":{"rendered":"An\u00e1lisis multiespectral en documentos"},"content":{"rendered":"<h3><span id=\"result_box\" class=\"\" lang=\"es\"><span title=\"Spectral imaging, a digital imaging technique with a variety of applications, is used in cultural heritage studies to enhance select components of a document or object.\">La imagen espectral es una t\u00e9cnica de imagen digital con una gran\u00a0 variedad de aplicaciones. Se utiliza en muchos\u00a0 estudios de patrimonio cultural para mejorar la visualizaci\u00f3n de elementos ocultos en un\u00a0 documento u objeto determinado. <\/span><span title=\"The object is illuminated by a number of narrow bands of wavelengths of light from the ultraviolet (UV) through the visible and the infrared (IR) spectrum.\">El objeto es iluminado por una serie de bandas estrechas de longitudes de onda de luz desde el ultravioleta (UV) a trav\u00e9s del espectro visible y el infrarrojo (IR). <\/span><span title=\"An image is taken of the object when exposed to each wavelength, with the resulting series of images stacked together to form a spectral map of the imaged object.\">Se toma una imagen del objetivo cuando se expone a cada longitud de onda y se apila\u00a0 la serie resultante de im\u00e1genes. As\u00ed se\u00a0 forma un mapa espectral del objeto. <\/span><br \/>\n<\/span><\/h3>\n<p><span id=\"result_box\" class=\"\" lang=\"es\" style=\"color: #333333;\"><span class=\"\">Existen dos niveles de imagen espectral: hiperespectral y multiespectral.<\/span> <span class=\"\">Con las\u00a0 im\u00e1genes hiperespectrales, el\u00a0 objetivo se expone a una amplia gama de longitudes de onda muy estrechas a trav\u00e9s de las porciones UV, visible e IR del espectro electromagn\u00e9tico.<\/span> <span class=\"\">La imagen multiespectral s\u00f3lo expone el objeto a un conjunto de longitudes de onda predeterminadas en esta porci\u00f3n del espectro.<\/span><\/span><\/p>\n<figure id=\"attachment_1012\" aria-describedby=\"caption-attachment-1012\" style=\"width: 1371px\" class=\"wp-caption alignleft\"><img loading=\"lazy\" decoding=\"async\" class=\"wp-image-1012 size-full\" src=\"http:\/\/www.periciadocumental.es\/wp-content\/uploads\/2017\/06\/Captura.jpg\" alt=\"\" width=\"1371\" height=\"969\" srcset=\"https:\/\/www.periciadocumental.es\/wp-content\/uploads\/2017\/06\/Captura.jpg 1371w, https:\/\/www.periciadocumental.es\/wp-content\/uploads\/2017\/06\/Captura-300x212.jpg 300w, https:\/\/www.periciadocumental.es\/wp-content\/uploads\/2017\/06\/Captura-768x543.jpg 768w, https:\/\/www.periciadocumental.es\/wp-content\/uploads\/2017\/06\/Captura-1024x724.jpg 1024w, https:\/\/www.periciadocumental.es\/wp-content\/uploads\/2017\/06\/Captura-30x21.jpg 30w\" sizes=\"auto, (max-width: 1371px) 100vw, 1371px\" \/><figcaption id=\"caption-attachment-1012\" class=\"wp-caption-text\">El sistema de im\u00e1genes espectrales utilizado para la fotograf\u00eda digital del Syriac Galen Palimpsest y despu\u00e9s procesadas en el Walters Art Museum en Baltimore, Maryland en 2009 y 2010. ( Esta imagenis est\u00e1 licenciada bajo una Creative Commons Attribution-NonCommercial-ShareAlike 4.0 Unported License)<\/figcaption><\/figure>\n<p><span class=\"\">La pionera en usar esta t\u00e9cnica fue\u00a0 la NASA para estudiar el sistema solar, pero la imagen espectral se ha utilizado desde entonces en una gran variedad de contextos, desde im\u00e1genes satelitales y forenses hasta en biolog\u00eda, y estudios de seguridad.<\/span> <span class=\"\">En 1993, los Rollos del Mar Muerto se convirtieron en los primeros manuscritos que se estudiaron con im\u00e1genes espectrales.<\/span> <span class=\"\">Mediante la proyecci\u00f3n de imagen de los pergaminos con pel\u00edcula de infrarrojos, los investigadores trataron de recuperar textos o pasajes desvanecidos o ilegibles.<\/span><\/p>\n<figure id=\"attachment_988\" aria-describedby=\"caption-attachment-988\" style=\"width: 2000px\" class=\"wp-caption alignleft\"><img loading=\"lazy\" decoding=\"async\" class=\"wp-image-988 size-full\" src=\"http:\/\/www.periciadocumental.es\/wp-content\/uploads\/2017\/06\/158r-159v_Arch28r_Sinar_pseudo_no-veil-article.jpg\" alt=\"\" width=\"2000\" height=\"1600\" srcset=\"https:\/\/www.periciadocumental.es\/wp-content\/uploads\/2017\/06\/158r-159v_Arch28r_Sinar_pseudo_no-veil-article.jpg 2000w, https:\/\/www.periciadocumental.es\/wp-content\/uploads\/2017\/06\/158r-159v_Arch28r_Sinar_pseudo_no-veil-article-300x240.jpg 300w, https:\/\/www.periciadocumental.es\/wp-content\/uploads\/2017\/06\/158r-159v_Arch28r_Sinar_pseudo_no-veil-article-768x614.jpg 768w, https:\/\/www.periciadocumental.es\/wp-content\/uploads\/2017\/06\/158r-159v_Arch28r_Sinar_pseudo_no-veil-article-1024x819.jpg 1024w, https:\/\/www.periciadocumental.es\/wp-content\/uploads\/2017\/06\/158r-159v_Arch28r_Sinar_pseudo_no-veil-article-30x24.jpg 30w\" sizes=\"auto, (max-width: 2000px) 100vw, 2000px\" \/><figcaption id=\"caption-attachment-988\" class=\"wp-caption-text\">Una im\u00e1gen espectral procesada de un folio de the Archimedes Palimpsest. Se aprecia el texto subyacente en el sustrato. Copyright Owner of the Archimedes Palimpsest. Creative Commons Attribution-NonCommercial 3.0 Unported<\/figcaption><\/figure>\n<p>El Archimedes Palimpsest Project, iniciado en 1999, utiliz\u00f3 im\u00e1genes espectrales para realzar un <em>palimpsesto<\/em> ( manuscrito en el que se ha borrado, mediante raspado u otro procedimiento, el texto primitivo para volver a escribir un nuevo texto) medieval que conten\u00eda tratados de otro modo no disponibles del antiguo matem\u00e1tico griego Arqu\u00edmedes. <span class=\"\">En este caso, los cient\u00edficos de im\u00e1genes trataron de separar el \u00absub-texto\u00bb (los tratados de Arqu\u00edmedes y fragmentos de otras obras) del \u00absobre-texto\u00bb (un libro de oraciones del siglo XIII).<\/span><\/p>\n<p>Este tipo de estudios se han realizado tambi\u00e9n en el monasterio de Santa Catalina, en el Sina\u00ed, Egipto. <span class=\"\" lang=\"es\"><span class=\"\" lang=\"es\"><span title=\"The monastery library preserves the second largest collection of early codices and manuscripts in the world, outnumbered only by the Vatican Library.\">La biblioteca del monasterio conserva la segunda colecci\u00f3n m\u00e1s<\/span><\/span><\/span><\/p>\n<figure id=\"attachment_994\" aria-describedby=\"caption-attachment-994\" style=\"width: 320px\" class=\"wp-caption alignright\"><img loading=\"lazy\" decoding=\"async\" class=\"wp-image-994 size-full\" src=\"http:\/\/www.periciadocumental.es\/wp-content\/uploads\/2017\/06\/spectral.gif\" alt=\"\" width=\"320\" height=\"344\" \/><figcaption id=\"caption-attachment-994\" class=\"wp-caption-text\">La imagen espectral es un m\u00e9todo de fotograf\u00eda que hace posible ver cosas que son dif\u00edciles de detectar a simple vista. Esto se hace iluminando un objeto con una serie de bandas espec\u00edficas de luz para recoger im\u00e1genes separadas, y luego combinar esas im\u00e1genes digitalmente para revelar el texto subyacente y la informaci\u00f3n. (Esta imagen est\u00e1 licenciada bajo una Creative Commons Attribution-NonCommercial-ShareAlike 4.0 Unported License)<\/figcaption><\/figure>\n<p>importante\u00a0 de c\u00f3dices y manuscritos del mundo, superada en volumen\u00a0 s\u00f3lo por la Biblioteca del Vaticano. Contiene textos griegos, \u00e1rabes, armenios, coptos, hebreos, georgianos y arameos. La leyenda moderna de este enclave cristiano copto en un escenario isl\u00e1mico se inici\u00f3 en mayo de 1844.\u00a0 <em>Constantin von Tischendorf<\/em>,\u00a0 ling\u00fcista alem\u00e1n, visit\u00f3 el monasterio para investigar la biblioteca y descubri\u00f3 el <em>Codex Sinaiticus<\/em>, que data del siglo IV, en su momento el manuscrito casi integro m\u00e1s antiguo de la Biblia. Cabe destacar el Pantocr\u00e1tor del Sina\u00ed, del siglo VII, el libro de la escalera del divino ascenso, un icono del siglo XII del libro de San Juan Cl\u00edmaco, o el icono m\u00e1s antiguo sobre un tema del Antiguo Testamento. La biblioteca contiene hoy cerca de 3300 manuscritos en la colecci\u00f3n vieja, m\u00e1s los nuevos hallazgos\u00a0 que salieron a la luz en 1975. El monasterio ha sido predominantemente griego a lo largo de su historia, a pesar de estar situado en Egipto, y esto se refleja en los archivos del monasterio. Pero tambi\u00e9n ha sido el destino\u00a0 monjes y peregrinos de muchos puntos del cristianismo de Oriente Pr\u00f3ximo, un universo cristiano aislado de Europa hasta las Cruzadas,\u00a0 que dejaron manuscritos en sus idiomas, tanto como regalos al monasterio como para uso de futuros peregrinos. Esto explica los manuscritos en once idiomas, con importantes colecciones en \u00e1rabe, siriaco, palestino cristiano arameo, georgiano y eslavo.<\/p>\n<div class=\"trans-verified-button-small\" dir=\"ltr\">\n<p>Debido a que los materiales de escritura eran en ocasiones escasos, la biblioteca contiene muchos palimpsestos\u00a0 borrados mediante el raspado y con el valioso pergamino utilizado una segunda vez. Los d\u00e9biles trazos de los textos originales se est\u00e1n pudiendo recuperar mediante el uso de im\u00e1genes espectrales. Esto es posible porque los monjes aplicaban la erosi\u00f3n hasta que visualmente ya no se ve\u00eda el texto y se daban por contentos, pero en cambio, la tinta s\u00ed\u00a0 hab\u00eda penetrado m\u00e1s en profundidad aunque ya solo era visible en una longitud de onda invisible al ojo humano. Evidentemente, estas personas no sab\u00edan esto y se deten\u00edan. Si hubiesen raspado m\u00e1s, hubiese sido imposible captar el pigmento. Esto es ciencia y no un milagro.\u00a0 Las c\u00e1maras modernas\u00a0 pueden fotografiar los textos y recuperar informaci\u00f3n muy antigua si existe \u00abalgo\u00bb que captar.<\/p>\n<p>Estas t\u00e9cnicas se usan actualmente tambi\u00e9n en las periciales de documentoscopia y gr\u00e1fistica por personal especializado. El equipo no es muy complejo en s\u00ed mismo, pero la formaci\u00f3n requerida para interpretar los datos y procesar el gran volumen de im\u00e1genes en casos de recuperaci\u00f3n del patrimonio hist\u00f3rico\u00a0 que se produce es muy alta, as\u00ed como archivar los datos de forma normalizada. Nos podemos juntar con terabytes de informaci\u00f3n que se generan en un corto espacio de tiempo.<\/p>\n<p>En la actualidad estoy en tr\u00e1mites de asociaci\u00f3n con la <a href=\"https:\/\/imagenforense.es\/\" target=\"_blank\" rel=\"noopener noreferrer\">Asociaci\u00f3n Espa\u00f1ola de Imagen Cient\u00edfica y Forense <\/a><span class=\"st\">.<\/span> La imagen multiespectral est\u00e1 entre los nuevos servicios que voy a ofrecer con mayores garant\u00edas al contar con colaboradores especializados y equipos de cierto nivel. Ir\u00e9 ampliando la informaci\u00f3n en la web.<\/p>\n<p>Im\u00e1genes y algunos fragmentos de texto traducidos al castellano\u00a0 desde:<\/p>\n<p><a href=\"http:\/\/www.mizanproject.org\/the-syriac-galen-palimpsest\/\" target=\"_blank\" rel=\"noopener noreferrer\">Mizan Project<\/a><br \/>\n<a href=\"http:\/\/www.livingstoneonline.org\/spectral-imaging\/introduction-spectral-imaging\" target=\"_blank\" rel=\"noopener noreferrer\">Livinstone Online<\/a><br \/>\nAmbas bajo sus respectivas licencias Creative Commons. Aunque la traducci\u00f3n es personal y por lo tanto una interpretaci\u00f3n.<br \/>\nM\u00e1s informaci\u00f3n de la materia en las respectivas web de los autores.<\/p>\n<p>Este art\u00edculo al completo, exceptuando los fragmentos de otras web,\u00a0 esta bajo una licencia <a href=\"http:\/\/creativecommons.org\/licenses\/by-nc\/4.0\/\" target=\"_blank\" rel=\"license noopener noreferrer\"><img loading=\"lazy\" decoding=\"async\" class=\"alignnone\" style=\"border-width: 0;\" src=\"https:\/\/i.creativecommons.org\/l\/by-nc\/4.0\/88x31.png\" alt=\"Licencia de Creative Commons\" width=\"88\" height=\"31\" \/><\/a><\/p>\n<\/div>\n","protected":false},"excerpt":{"rendered":"<p>La imagen espectral es una t\u00e9cnica de imagen digital con una gran\u00a0 variedad de aplicaciones. Se utiliza en muchos\u00a0 estudios de patrimonio cultural para mejorar la visualizaci\u00f3n de elementos ocultos en un\u00a0 documento u objeto determinado. El objeto es iluminado por una serie de bandas estrechas de longitudes de onda&#8230;<\/p>\n","protected":false},"author":1,"featured_media":895,"comment_status":"open","ping_status":"open","sticky":false,"template":"","format":"standard","meta":{"footnotes":""},"categories":[10,27],"tags":[50,20],"class_list":["post-986","post","type-post","status-publish","format-standard","has-post-thumbnail","hentry","category-divulgacion","category-fotografia","tag-documentos","tag-fotografia"],"yoast_head":"<!-- This site is optimized with the Yoast SEO plugin v25.7 - https:\/\/yoast.com\/wordpress\/plugins\/seo\/ -->\n<title>An\u00e1lisis multiespectral en documentos - Pericia Documental<\/title>\n<meta name=\"description\" content=\"An\u00e1lisis multiespectral de documentos. Iluminaci\u00f3n en diferentes bandas de luz, desde el UV hasta el IR para obtener datos ocultos a la inspecci\u00f3n visual.\" \/>\n<meta name=\"robots\" content=\"index, follow, max-snippet:-1, max-image-preview:large, max-video-preview:-1\" \/>\n<link rel=\"canonical\" href=\"https:\/\/www.periciadocumental.es\/index.php\/2017\/06\/11\/analisis-multiespectral-en-documentos\/\" \/>\n<meta property=\"og:locale\" content=\"es_ES\" \/>\n<meta property=\"og:type\" content=\"article\" \/>\n<meta property=\"og:title\" content=\"An\u00e1lisis multiespectral en documentos - Pericia Documental\" \/>\n<meta property=\"og:description\" content=\"An\u00e1lisis multiespectral de documentos. Iluminaci\u00f3n en diferentes bandas de luz, desde el UV hasta el IR para obtener datos ocultos a la inspecci\u00f3n visual.\" \/>\n<meta property=\"og:url\" content=\"https:\/\/www.periciadocumental.es\/index.php\/2017\/06\/11\/analisis-multiespectral-en-documentos\/\" \/>\n<meta property=\"og:site_name\" content=\"Pericia Documental\" \/>\n<meta property=\"article:published_time\" content=\"2017-06-11T18:03:43+00:00\" \/>\n<meta property=\"article:modified_time\" content=\"2017-06-12T05:53:55+00:00\" \/>\n<meta property=\"og:image\" content=\"https:\/\/www.periciadocumental.es\/wp-content\/uploads\/2017\/03\/Ferrogalica.jpg\" \/>\n\t<meta property=\"og:image:width\" content=\"800\" \/>\n\t<meta property=\"og:image:height\" content=\"533\" \/>\n\t<meta property=\"og:image:type\" content=\"image\/jpeg\" \/>\n<meta name=\"author\" content=\"Iv\u00e1n\" \/>\n<meta name=\"twitter:card\" content=\"summary_large_image\" \/>\n<meta name=\"twitter:label1\" content=\"Escrito por\" \/>\n\t<meta name=\"twitter:data1\" content=\"Iv\u00e1n\" \/>\n\t<meta name=\"twitter:label2\" content=\"Tiempo de lectura\" \/>\n\t<meta name=\"twitter:data2\" content=\"6 minutos\" \/>\n<script type=\"application\/ld+json\" class=\"yoast-schema-graph\">{\"@context\":\"https:\/\/schema.org\",\"@graph\":[{\"@type\":\"Article\",\"@id\":\"https:\/\/www.periciadocumental.es\/index.php\/2017\/06\/11\/analisis-multiespectral-en-documentos\/#article\",\"isPartOf\":{\"@id\":\"https:\/\/www.periciadocumental.es\/index.php\/2017\/06\/11\/analisis-multiespectral-en-documentos\/\"},\"author\":{\"name\":\"Iv\u00e1n\",\"@id\":\"https:\/\/www.periciadocumental.es\/#\/schema\/person\/33d1b5f3f9e7bf3cdbd467540db25a3f\"},\"headline\":\"An\u00e1lisis multiespectral en documentos\",\"datePublished\":\"2017-06-11T18:03:43+00:00\",\"dateModified\":\"2017-06-12T05:53:55+00:00\",\"mainEntityOfPage\":{\"@id\":\"https:\/\/www.periciadocumental.es\/index.php\/2017\/06\/11\/analisis-multiespectral-en-documentos\/\"},\"wordCount\":1129,\"commentCount\":0,\"publisher\":{\"@id\":\"https:\/\/www.periciadocumental.es\/#\/schema\/person\/33d1b5f3f9e7bf3cdbd467540db25a3f\"},\"image\":{\"@id\":\"https:\/\/www.periciadocumental.es\/index.php\/2017\/06\/11\/analisis-multiespectral-en-documentos\/#primaryimage\"},\"thumbnailUrl\":\"https:\/\/www.periciadocumental.es\/wp-content\/uploads\/2017\/03\/Ferrogalica.jpg\",\"keywords\":[\"documentos\",\"Fotograf\u00eda\"],\"articleSection\":[\"Divulgaci\u00f3n\",\"fotograf\u00eda\"],\"inLanguage\":\"es\",\"potentialAction\":[{\"@type\":\"CommentAction\",\"name\":\"Comment\",\"target\":[\"https:\/\/www.periciadocumental.es\/index.php\/2017\/06\/11\/analisis-multiespectral-en-documentos\/#respond\"]}]},{\"@type\":\"WebPage\",\"@id\":\"https:\/\/www.periciadocumental.es\/index.php\/2017\/06\/11\/analisis-multiespectral-en-documentos\/\",\"url\":\"https:\/\/www.periciadocumental.es\/index.php\/2017\/06\/11\/analisis-multiespectral-en-documentos\/\",\"name\":\"An\u00e1lisis multiespectral en documentos - Pericia Documental\",\"isPartOf\":{\"@id\":\"https:\/\/www.periciadocumental.es\/#website\"},\"primaryImageOfPage\":{\"@id\":\"https:\/\/www.periciadocumental.es\/index.php\/2017\/06\/11\/analisis-multiespectral-en-documentos\/#primaryimage\"},\"image\":{\"@id\":\"https:\/\/www.periciadocumental.es\/index.php\/2017\/06\/11\/analisis-multiespectral-en-documentos\/#primaryimage\"},\"thumbnailUrl\":\"https:\/\/www.periciadocumental.es\/wp-content\/uploads\/2017\/03\/Ferrogalica.jpg\",\"datePublished\":\"2017-06-11T18:03:43+00:00\",\"dateModified\":\"2017-06-12T05:53:55+00:00\",\"description\":\"An\u00e1lisis multiespectral de documentos. Iluminaci\u00f3n en diferentes bandas de luz, desde el UV hasta el IR para obtener datos ocultos a la inspecci\u00f3n visual.\",\"breadcrumb\":{\"@id\":\"https:\/\/www.periciadocumental.es\/index.php\/2017\/06\/11\/analisis-multiespectral-en-documentos\/#breadcrumb\"},\"inLanguage\":\"es\",\"potentialAction\":[{\"@type\":\"ReadAction\",\"target\":[\"https:\/\/www.periciadocumental.es\/index.php\/2017\/06\/11\/analisis-multiespectral-en-documentos\/\"]}]},{\"@type\":\"ImageObject\",\"inLanguage\":\"es\",\"@id\":\"https:\/\/www.periciadocumental.es\/index.php\/2017\/06\/11\/analisis-multiespectral-en-documentos\/#primaryimage\",\"url\":\"https:\/\/www.periciadocumental.es\/wp-content\/uploads\/2017\/03\/Ferrogalica.jpg\",\"contentUrl\":\"https:\/\/www.periciadocumental.es\/wp-content\/uploads\/2017\/03\/Ferrogalica.jpg\",\"width\":800,\"height\":533,\"caption\":\"Tintas ferrog\u00e1licas en un documento de 1850.\"},{\"@type\":\"BreadcrumbList\",\"@id\":\"https:\/\/www.periciadocumental.es\/index.php\/2017\/06\/11\/analisis-multiespectral-en-documentos\/#breadcrumb\",\"itemListElement\":[{\"@type\":\"ListItem\",\"position\":1,\"name\":\"Portada\",\"item\":\"https:\/\/www.periciadocumental.es\/\"},{\"@type\":\"ListItem\",\"position\":2,\"name\":\"An\u00e1lisis multiespectral en documentos\"}]},{\"@type\":\"WebSite\",\"@id\":\"https:\/\/www.periciadocumental.es\/#website\",\"url\":\"https:\/\/www.periciadocumental.es\/\",\"name\":\"Pericia Documental\",\"description\":\"\",\"publisher\":{\"@id\":\"https:\/\/www.periciadocumental.es\/#\/schema\/person\/33d1b5f3f9e7bf3cdbd467540db25a3f\"},\"potentialAction\":[{\"@type\":\"SearchAction\",\"target\":{\"@type\":\"EntryPoint\",\"urlTemplate\":\"https:\/\/www.periciadocumental.es\/?s={search_term_string}\"},\"query-input\":{\"@type\":\"PropertyValueSpecification\",\"valueRequired\":true,\"valueName\":\"search_term_string\"}}],\"inLanguage\":\"es\"},{\"@type\":[\"Person\",\"Organization\"],\"@id\":\"https:\/\/www.periciadocumental.es\/#\/schema\/person\/33d1b5f3f9e7bf3cdbd467540db25a3f\",\"name\":\"Iv\u00e1n\",\"image\":{\"@type\":\"ImageObject\",\"inLanguage\":\"es\",\"@id\":\"https:\/\/www.periciadocumental.es\/#\/schema\/person\/image\/\",\"url\":\"https:\/\/www.periciadocumental.es\/wp-content\/uploads\/2022\/03\/Logo_p.png\",\"contentUrl\":\"https:\/\/www.periciadocumental.es\/wp-content\/uploads\/2022\/03\/Logo_p.png\",\"width\":299,\"height\":58,\"caption\":\"Iv\u00e1n\"},\"logo\":{\"@id\":\"https:\/\/www.periciadocumental.es\/#\/schema\/person\/image\/\"}}]}<\/script>\n<!-- \/ Yoast SEO plugin. -->","yoast_head_json":{"title":"An\u00e1lisis multiespectral en documentos - Pericia Documental","description":"An\u00e1lisis multiespectral de documentos. Iluminaci\u00f3n en diferentes bandas de luz, desde el UV hasta el IR para obtener datos ocultos a la inspecci\u00f3n visual.","robots":{"index":"index","follow":"follow","max-snippet":"max-snippet:-1","max-image-preview":"max-image-preview:large","max-video-preview":"max-video-preview:-1"},"canonical":"https:\/\/www.periciadocumental.es\/index.php\/2017\/06\/11\/analisis-multiespectral-en-documentos\/","og_locale":"es_ES","og_type":"article","og_title":"An\u00e1lisis multiespectral en documentos - Pericia Documental","og_description":"An\u00e1lisis multiespectral de documentos. Iluminaci\u00f3n en diferentes bandas de luz, desde el UV hasta el IR para obtener datos ocultos a la inspecci\u00f3n visual.","og_url":"https:\/\/www.periciadocumental.es\/index.php\/2017\/06\/11\/analisis-multiespectral-en-documentos\/","og_site_name":"Pericia Documental","article_published_time":"2017-06-11T18:03:43+00:00","article_modified_time":"2017-06-12T05:53:55+00:00","og_image":[{"width":800,"height":533,"url":"https:\/\/www.periciadocumental.es\/wp-content\/uploads\/2017\/03\/Ferrogalica.jpg","type":"image\/jpeg"}],"author":"Iv\u00e1n","twitter_card":"summary_large_image","twitter_misc":{"Escrito por":"Iv\u00e1n","Tiempo de lectura":"6 minutos"},"schema":{"@context":"https:\/\/schema.org","@graph":[{"@type":"Article","@id":"https:\/\/www.periciadocumental.es\/index.php\/2017\/06\/11\/analisis-multiespectral-en-documentos\/#article","isPartOf":{"@id":"https:\/\/www.periciadocumental.es\/index.php\/2017\/06\/11\/analisis-multiespectral-en-documentos\/"},"author":{"name":"Iv\u00e1n","@id":"https:\/\/www.periciadocumental.es\/#\/schema\/person\/33d1b5f3f9e7bf3cdbd467540db25a3f"},"headline":"An\u00e1lisis multiespectral en documentos","datePublished":"2017-06-11T18:03:43+00:00","dateModified":"2017-06-12T05:53:55+00:00","mainEntityOfPage":{"@id":"https:\/\/www.periciadocumental.es\/index.php\/2017\/06\/11\/analisis-multiespectral-en-documentos\/"},"wordCount":1129,"commentCount":0,"publisher":{"@id":"https:\/\/www.periciadocumental.es\/#\/schema\/person\/33d1b5f3f9e7bf3cdbd467540db25a3f"},"image":{"@id":"https:\/\/www.periciadocumental.es\/index.php\/2017\/06\/11\/analisis-multiespectral-en-documentos\/#primaryimage"},"thumbnailUrl":"https:\/\/www.periciadocumental.es\/wp-content\/uploads\/2017\/03\/Ferrogalica.jpg","keywords":["documentos","Fotograf\u00eda"],"articleSection":["Divulgaci\u00f3n","fotograf\u00eda"],"inLanguage":"es","potentialAction":[{"@type":"CommentAction","name":"Comment","target":["https:\/\/www.periciadocumental.es\/index.php\/2017\/06\/11\/analisis-multiespectral-en-documentos\/#respond"]}]},{"@type":"WebPage","@id":"https:\/\/www.periciadocumental.es\/index.php\/2017\/06\/11\/analisis-multiespectral-en-documentos\/","url":"https:\/\/www.periciadocumental.es\/index.php\/2017\/06\/11\/analisis-multiespectral-en-documentos\/","name":"An\u00e1lisis multiespectral en documentos - Pericia Documental","isPartOf":{"@id":"https:\/\/www.periciadocumental.es\/#website"},"primaryImageOfPage":{"@id":"https:\/\/www.periciadocumental.es\/index.php\/2017\/06\/11\/analisis-multiespectral-en-documentos\/#primaryimage"},"image":{"@id":"https:\/\/www.periciadocumental.es\/index.php\/2017\/06\/11\/analisis-multiespectral-en-documentos\/#primaryimage"},"thumbnailUrl":"https:\/\/www.periciadocumental.es\/wp-content\/uploads\/2017\/03\/Ferrogalica.jpg","datePublished":"2017-06-11T18:03:43+00:00","dateModified":"2017-06-12T05:53:55+00:00","description":"An\u00e1lisis multiespectral de documentos. Iluminaci\u00f3n en diferentes bandas de luz, desde el UV hasta el IR para obtener datos ocultos a la inspecci\u00f3n visual.","breadcrumb":{"@id":"https:\/\/www.periciadocumental.es\/index.php\/2017\/06\/11\/analisis-multiespectral-en-documentos\/#breadcrumb"},"inLanguage":"es","potentialAction":[{"@type":"ReadAction","target":["https:\/\/www.periciadocumental.es\/index.php\/2017\/06\/11\/analisis-multiespectral-en-documentos\/"]}]},{"@type":"ImageObject","inLanguage":"es","@id":"https:\/\/www.periciadocumental.es\/index.php\/2017\/06\/11\/analisis-multiespectral-en-documentos\/#primaryimage","url":"https:\/\/www.periciadocumental.es\/wp-content\/uploads\/2017\/03\/Ferrogalica.jpg","contentUrl":"https:\/\/www.periciadocumental.es\/wp-content\/uploads\/2017\/03\/Ferrogalica.jpg","width":800,"height":533,"caption":"Tintas ferrog\u00e1licas en un documento de 1850."},{"@type":"BreadcrumbList","@id":"https:\/\/www.periciadocumental.es\/index.php\/2017\/06\/11\/analisis-multiespectral-en-documentos\/#breadcrumb","itemListElement":[{"@type":"ListItem","position":1,"name":"Portada","item":"https:\/\/www.periciadocumental.es\/"},{"@type":"ListItem","position":2,"name":"An\u00e1lisis multiespectral en documentos"}]},{"@type":"WebSite","@id":"https:\/\/www.periciadocumental.es\/#website","url":"https:\/\/www.periciadocumental.es\/","name":"Pericia Documental","description":"","publisher":{"@id":"https:\/\/www.periciadocumental.es\/#\/schema\/person\/33d1b5f3f9e7bf3cdbd467540db25a3f"},"potentialAction":[{"@type":"SearchAction","target":{"@type":"EntryPoint","urlTemplate":"https:\/\/www.periciadocumental.es\/?s={search_term_string}"},"query-input":{"@type":"PropertyValueSpecification","valueRequired":true,"valueName":"search_term_string"}}],"inLanguage":"es"},{"@type":["Person","Organization"],"@id":"https:\/\/www.periciadocumental.es\/#\/schema\/person\/33d1b5f3f9e7bf3cdbd467540db25a3f","name":"Iv\u00e1n","image":{"@type":"ImageObject","inLanguage":"es","@id":"https:\/\/www.periciadocumental.es\/#\/schema\/person\/image\/","url":"https:\/\/www.periciadocumental.es\/wp-content\/uploads\/2022\/03\/Logo_p.png","contentUrl":"https:\/\/www.periciadocumental.es\/wp-content\/uploads\/2022\/03\/Logo_p.png","width":299,"height":58,"caption":"Iv\u00e1n"},"logo":{"@id":"https:\/\/www.periciadocumental.es\/#\/schema\/person\/image\/"}}]}},"_links":{"self":[{"href":"https:\/\/www.periciadocumental.es\/index.php\/wp-json\/wp\/v2\/posts\/986","targetHints":{"allow":["GET"]}}],"collection":[{"href":"https:\/\/www.periciadocumental.es\/index.php\/wp-json\/wp\/v2\/posts"}],"about":[{"href":"https:\/\/www.periciadocumental.es\/index.php\/wp-json\/wp\/v2\/types\/post"}],"author":[{"embeddable":true,"href":"https:\/\/www.periciadocumental.es\/index.php\/wp-json\/wp\/v2\/users\/1"}],"replies":[{"embeddable":true,"href":"https:\/\/www.periciadocumental.es\/index.php\/wp-json\/wp\/v2\/comments?post=986"}],"version-history":[{"count":29,"href":"https:\/\/www.periciadocumental.es\/index.php\/wp-json\/wp\/v2\/posts\/986\/revisions"}],"predecessor-version":[{"id":1013,"href":"https:\/\/www.periciadocumental.es\/index.php\/wp-json\/wp\/v2\/posts\/986\/revisions\/1013"}],"wp:featuredmedia":[{"embeddable":true,"href":"https:\/\/www.periciadocumental.es\/index.php\/wp-json\/wp\/v2\/media\/895"}],"wp:attachment":[{"href":"https:\/\/www.periciadocumental.es\/index.php\/wp-json\/wp\/v2\/media?parent=986"}],"wp:term":[{"taxonomy":"category","embeddable":true,"href":"https:\/\/www.periciadocumental.es\/index.php\/wp-json\/wp\/v2\/categories?post=986"},{"taxonomy":"post_tag","embeddable":true,"href":"https:\/\/www.periciadocumental.es\/index.php\/wp-json\/wp\/v2\/tags?post=986"}],"curies":[{"name":"wp","href":"https:\/\/api.w.org\/{rel}","templated":true}]}}