{"id":855,"date":"2017-03-02T20:09:44","date_gmt":"2017-03-02T20:09:44","guid":{"rendered":"http:\/\/www.periciadocumental.es\/?p=855"},"modified":"2017-03-02T20:31:26","modified_gmt":"2017-03-02T20:31:26","slug":"taller-gestion-color","status":"publish","type":"post","link":"https:\/\/www.periciadocumental.es\/index.php\/2017\/03\/02\/taller-gestion-color\/","title":{"rendered":"Taller de Gesti\u00f3n de Color"},"content":{"rendered":"<h3><strong>Una vez finalizado el taller de gesti\u00f3n de color en el Sobrao, de Humberto Bilbao, solo podemos decir que fue un fin de semana muy bien aprovechado y que se consigui\u00f3 exprimir la materia referente a la gesti\u00f3n del color en entornos digitales.<\/strong><\/h3>\n<figure id=\"attachment_856\" aria-describedby=\"caption-attachment-856\" style=\"width: 800px\" class=\"wp-caption aligncenter\"><img loading=\"lazy\" decoding=\"async\" class=\"size-full wp-image-856\" src=\"http:\/\/www.periciadocumental.es\/wp-content\/uploads\/2017\/03\/Cuso.jpg\" alt=\"\" width=\"800\" height=\"533\" srcset=\"https:\/\/www.periciadocumental.es\/wp-content\/uploads\/2017\/03\/Cuso.jpg 800w, https:\/\/www.periciadocumental.es\/wp-content\/uploads\/2017\/03\/Cuso-300x200.jpg 300w, https:\/\/www.periciadocumental.es\/wp-content\/uploads\/2017\/03\/Cuso-768x512.jpg 768w\" sizes=\"auto, (max-width: 800px) 100vw, 800px\" \/><figcaption id=\"caption-attachment-856\" class=\"wp-caption-text\">Uno de nuestros alumnos realizando el equilibrio de blanco en modo manual antes de fotografiar la carta de color.<\/figcaption><\/figure>\n<p>&nbsp;<\/p>\n<p>Una de nuestras premisas fue dominar la iluminaci\u00f3n apropiada para ver originales. Tuvimos oportunidad de explicar de forma breve la ISO 3664 y las referencias D50 y D65, entrando tambi\u00e9n a detallar la importancia del CRI de la luz. Como la teor\u00eda es un poco \u00e1rida, pasamos a realizar algunos ejercicios pr\u00e1cticos de visionado de fotograf\u00edas en sublimaci\u00f3n y fine art y comprobamos como la luz modificaba el color de las im\u00e1genes de forma sensible.<\/p>\n<figure id=\"attachment_859\" aria-describedby=\"caption-attachment-859\" style=\"width: 800px\" class=\"wp-caption aligncenter\"><img loading=\"lazy\" decoding=\"async\" class=\"size-full wp-image-859\" src=\"http:\/\/www.periciadocumental.es\/wp-content\/uploads\/2017\/03\/Luz_normalizadao.jpg\" alt=\"\" width=\"800\" height=\"600\" srcset=\"https:\/\/www.periciadocumental.es\/wp-content\/uploads\/2017\/03\/Luz_normalizadao.jpg 800w, https:\/\/www.periciadocumental.es\/wp-content\/uploads\/2017\/03\/Luz_normalizadao-300x225.jpg 300w, https:\/\/www.periciadocumental.es\/wp-content\/uploads\/2017\/03\/Luz_normalizadao-768x576.jpg 768w\" sizes=\"auto, (max-width: 800px) 100vw, 800px\" \/><figcaption id=\"caption-attachment-859\" class=\"wp-caption-text\">Observando fotograf\u00edas con una GrafiLite D50<\/figcaption><\/figure>\n<p>&nbsp;<\/p>\n<p>La parte de calibraci\u00f3n de monitor y calibraci\u00f3n de c\u00e1mara, parte pr\u00e1ctica, fue una de las m\u00e1s interesantes de realizar. Tuvimos oportunidad de experimentar con un bodeg\u00f3n repleto de color.<\/p>\n<p>&nbsp;<\/p>\n<figure id=\"attachment_862\" aria-describedby=\"caption-attachment-862\" style=\"width: 800px\" class=\"wp-caption aligncenter\"><a href=\"deg\u00f3n de co\"><img loading=\"lazy\" decoding=\"async\" class=\"wp-image-862 size-full\" src=\"http:\/\/www.periciadocumental.es\/wp-content\/uploads\/2017\/03\/Bodegon_color.jpg\" alt=\"Bodeg\u00f3n de color\" width=\"800\" height=\"722\" srcset=\"https:\/\/www.periciadocumental.es\/wp-content\/uploads\/2017\/03\/Bodegon_color.jpg 800w, https:\/\/www.periciadocumental.es\/wp-content\/uploads\/2017\/03\/Bodegon_color-300x271.jpg 300w, https:\/\/www.periciadocumental.es\/wp-content\/uploads\/2017\/03\/Bodegon_color-768x693.jpg 768w\" sizes=\"auto, (max-width: 800px) 100vw, 800px\" \/><\/a><figcaption id=\"caption-attachment-862\" class=\"wp-caption-text\">Nuestro bodeg\u00f3n con diferentes colores para forzar las calibraciones.<\/figcaption><\/figure>\n<p>&nbsp;<\/p>\n<p>Realizaremos m\u00e1s talleres sobre la materia en un futuro, aunque estamos abiertos a organizar grupos reducidos y explicar los conceptos cualquier fin de semana. Si desean m\u00e1s informaci\u00f3n, contacten a trav\u00e9s del formulario o el email.<\/p>\n<p>Saludos.<\/p>\n","protected":false},"excerpt":{"rendered":"<p>Una vez finalizado el taller de gesti\u00f3n de color en el Sobrao, de Humberto Bilbao, solo podemos decir que fue un fin de semana muy bien aprovechado y que se consigui\u00f3 exprimir la materia referente a la gesti\u00f3n del color en entornos digitales. &nbsp; Una de nuestras premisas fue dominar&#8230;<\/p>\n","protected":false},"author":1,"featured_media":864,"comment_status":"open","ping_status":"open","sticky":false,"template":"","format":"standard","meta":{"footnotes":""},"categories":[15,28,7],"tags":[],"class_list":["post-855","post","type-post","status-publish","format-standard","has-post-thumbnail","hentry","category-color","category-colorimetria","category-curso"],"yoast_head":"<!-- This site is optimized with the Yoast SEO plugin v25.7 - https:\/\/yoast.com\/wordpress\/plugins\/seo\/ -->\n<title>Taller de Gesti\u00f3n de Color - Pericia Documental<\/title>\n<meta name=\"description\" content=\"Talleres de gesti\u00f3n de color en el flujo de trabajo digital y calibraci\u00f3n de c\u00e1maras y monitores.\" \/>\n<meta name=\"robots\" content=\"index, follow, max-snippet:-1, max-image-preview:large, max-video-preview:-1\" \/>\n<link rel=\"canonical\" href=\"https:\/\/www.periciadocumental.es\/index.php\/2017\/03\/02\/taller-gestion-color\/\" \/>\n<meta property=\"og:locale\" content=\"es_ES\" \/>\n<meta property=\"og:type\" content=\"article\" \/>\n<meta property=\"og:title\" content=\"Taller de Gesti\u00f3n de Color - Pericia Documental\" \/>\n<meta property=\"og:description\" content=\"Talleres de gesti\u00f3n de color en el flujo de trabajo digital y calibraci\u00f3n de c\u00e1maras y monitores.\" \/>\n<meta property=\"og:url\" content=\"https:\/\/www.periciadocumental.es\/index.php\/2017\/03\/02\/taller-gestion-color\/\" \/>\n<meta property=\"og:site_name\" content=\"Pericia Documental\" \/>\n<meta property=\"article:published_time\" content=\"2017-03-02T20:09:44+00:00\" \/>\n<meta property=\"article:modified_time\" content=\"2017-03-02T20:31:26+00:00\" \/>\n<meta property=\"og:image\" content=\"https:\/\/www.periciadocumental.es\/wp-content\/uploads\/2017\/03\/lamina.jpg\" \/>\n\t<meta property=\"og:image:width\" content=\"800\" \/>\n\t<meta property=\"og:image:height\" content=\"671\" \/>\n\t<meta property=\"og:image:type\" content=\"image\/jpeg\" \/>\n<meta name=\"author\" content=\"Iv\u00e1n\" \/>\n<meta name=\"twitter:card\" content=\"summary_large_image\" \/>\n<meta name=\"twitter:label1\" content=\"Escrito por\" \/>\n\t<meta name=\"twitter:data1\" content=\"Iv\u00e1n\" \/>\n\t<meta name=\"twitter:label2\" content=\"Tiempo de lectura\" \/>\n\t<meta name=\"twitter:data2\" content=\"1 minuto\" \/>\n<script type=\"application\/ld+json\" class=\"yoast-schema-graph\">{\"@context\":\"https:\/\/schema.org\",\"@graph\":[{\"@type\":\"Article\",\"@id\":\"https:\/\/www.periciadocumental.es\/index.php\/2017\/03\/02\/taller-gestion-color\/#article\",\"isPartOf\":{\"@id\":\"https:\/\/www.periciadocumental.es\/index.php\/2017\/03\/02\/taller-gestion-color\/\"},\"author\":{\"name\":\"Iv\u00e1n\",\"@id\":\"https:\/\/www.periciadocumental.es\/#\/schema\/person\/33d1b5f3f9e7bf3cdbd467540db25a3f\"},\"headline\":\"Taller de Gesti\u00f3n de Color\",\"datePublished\":\"2017-03-02T20:09:44+00:00\",\"dateModified\":\"2017-03-02T20:31:26+00:00\",\"mainEntityOfPage\":{\"@id\":\"https:\/\/www.periciadocumental.es\/index.php\/2017\/03\/02\/taller-gestion-color\/\"},\"wordCount\":270,\"commentCount\":0,\"publisher\":{\"@id\":\"https:\/\/www.periciadocumental.es\/#\/schema\/person\/33d1b5f3f9e7bf3cdbd467540db25a3f\"},\"image\":{\"@id\":\"https:\/\/www.periciadocumental.es\/index.php\/2017\/03\/02\/taller-gestion-color\/#primaryimage\"},\"thumbnailUrl\":\"https:\/\/www.periciadocumental.es\/wp-content\/uploads\/2017\/03\/lamina.jpg\",\"articleSection\":[\"color\",\"colorimetr\u00eda\",\"Curso\"],\"inLanguage\":\"es\",\"potentialAction\":[{\"@type\":\"CommentAction\",\"name\":\"Comment\",\"target\":[\"https:\/\/www.periciadocumental.es\/index.php\/2017\/03\/02\/taller-gestion-color\/#respond\"]}]},{\"@type\":\"WebPage\",\"@id\":\"https:\/\/www.periciadocumental.es\/index.php\/2017\/03\/02\/taller-gestion-color\/\",\"url\":\"https:\/\/www.periciadocumental.es\/index.php\/2017\/03\/02\/taller-gestion-color\/\",\"name\":\"Taller de Gesti\u00f3n de Color - Pericia Documental\",\"isPartOf\":{\"@id\":\"https:\/\/www.periciadocumental.es\/#website\"},\"primaryImageOfPage\":{\"@id\":\"https:\/\/www.periciadocumental.es\/index.php\/2017\/03\/02\/taller-gestion-color\/#primaryimage\"},\"image\":{\"@id\":\"https:\/\/www.periciadocumental.es\/index.php\/2017\/03\/02\/taller-gestion-color\/#primaryimage\"},\"thumbnailUrl\":\"https:\/\/www.periciadocumental.es\/wp-content\/uploads\/2017\/03\/lamina.jpg\",\"datePublished\":\"2017-03-02T20:09:44+00:00\",\"dateModified\":\"2017-03-02T20:31:26+00:00\",\"description\":\"Talleres de gesti\u00f3n de color en el flujo de trabajo digital y calibraci\u00f3n de c\u00e1maras y monitores.\",\"breadcrumb\":{\"@id\":\"https:\/\/www.periciadocumental.es\/index.php\/2017\/03\/02\/taller-gestion-color\/#breadcrumb\"},\"inLanguage\":\"es\",\"potentialAction\":[{\"@type\":\"ReadAction\",\"target\":[\"https:\/\/www.periciadocumental.es\/index.php\/2017\/03\/02\/taller-gestion-color\/\"]}]},{\"@type\":\"ImageObject\",\"inLanguage\":\"es\",\"@id\":\"https:\/\/www.periciadocumental.es\/index.php\/2017\/03\/02\/taller-gestion-color\/#primaryimage\",\"url\":\"https:\/\/www.periciadocumental.es\/wp-content\/uploads\/2017\/03\/lamina.jpg\",\"contentUrl\":\"https:\/\/www.periciadocumental.es\/wp-content\/uploads\/2017\/03\/lamina.jpg\",\"width\":800,\"height\":671},{\"@type\":\"BreadcrumbList\",\"@id\":\"https:\/\/www.periciadocumental.es\/index.php\/2017\/03\/02\/taller-gestion-color\/#breadcrumb\",\"itemListElement\":[{\"@type\":\"ListItem\",\"position\":1,\"name\":\"Portada\",\"item\":\"https:\/\/www.periciadocumental.es\/\"},{\"@type\":\"ListItem\",\"position\":2,\"name\":\"Taller de Gesti\u00f3n de Color\"}]},{\"@type\":\"WebSite\",\"@id\":\"https:\/\/www.periciadocumental.es\/#website\",\"url\":\"https:\/\/www.periciadocumental.es\/\",\"name\":\"Pericia Documental\",\"description\":\"\",\"publisher\":{\"@id\":\"https:\/\/www.periciadocumental.es\/#\/schema\/person\/33d1b5f3f9e7bf3cdbd467540db25a3f\"},\"potentialAction\":[{\"@type\":\"SearchAction\",\"target\":{\"@type\":\"EntryPoint\",\"urlTemplate\":\"https:\/\/www.periciadocumental.es\/?s={search_term_string}\"},\"query-input\":{\"@type\":\"PropertyValueSpecification\",\"valueRequired\":true,\"valueName\":\"search_term_string\"}}],\"inLanguage\":\"es\"},{\"@type\":[\"Person\",\"Organization\"],\"@id\":\"https:\/\/www.periciadocumental.es\/#\/schema\/person\/33d1b5f3f9e7bf3cdbd467540db25a3f\",\"name\":\"Iv\u00e1n\",\"image\":{\"@type\":\"ImageObject\",\"inLanguage\":\"es\",\"@id\":\"https:\/\/www.periciadocumental.es\/#\/schema\/person\/image\/\",\"url\":\"https:\/\/www.periciadocumental.es\/wp-content\/uploads\/2022\/03\/Logo_p.png\",\"contentUrl\":\"https:\/\/www.periciadocumental.es\/wp-content\/uploads\/2022\/03\/Logo_p.png\",\"width\":299,\"height\":58,\"caption\":\"Iv\u00e1n\"},\"logo\":{\"@id\":\"https:\/\/www.periciadocumental.es\/#\/schema\/person\/image\/\"}}]}<\/script>\n<!-- \/ Yoast SEO plugin. -->","yoast_head_json":{"title":"Taller de Gesti\u00f3n de Color - Pericia Documental","description":"Talleres de gesti\u00f3n de color en el flujo de trabajo digital y calibraci\u00f3n de c\u00e1maras y monitores.","robots":{"index":"index","follow":"follow","max-snippet":"max-snippet:-1","max-image-preview":"max-image-preview:large","max-video-preview":"max-video-preview:-1"},"canonical":"https:\/\/www.periciadocumental.es\/index.php\/2017\/03\/02\/taller-gestion-color\/","og_locale":"es_ES","og_type":"article","og_title":"Taller de Gesti\u00f3n de Color - Pericia Documental","og_description":"Talleres de gesti\u00f3n de color en el flujo de trabajo digital y calibraci\u00f3n de c\u00e1maras y monitores.","og_url":"https:\/\/www.periciadocumental.es\/index.php\/2017\/03\/02\/taller-gestion-color\/","og_site_name":"Pericia Documental","article_published_time":"2017-03-02T20:09:44+00:00","article_modified_time":"2017-03-02T20:31:26+00:00","og_image":[{"width":800,"height":671,"url":"https:\/\/www.periciadocumental.es\/wp-content\/uploads\/2017\/03\/lamina.jpg","type":"image\/jpeg"}],"author":"Iv\u00e1n","twitter_card":"summary_large_image","twitter_misc":{"Escrito por":"Iv\u00e1n","Tiempo de lectura":"1 minuto"},"schema":{"@context":"https:\/\/schema.org","@graph":[{"@type":"Article","@id":"https:\/\/www.periciadocumental.es\/index.php\/2017\/03\/02\/taller-gestion-color\/#article","isPartOf":{"@id":"https:\/\/www.periciadocumental.es\/index.php\/2017\/03\/02\/taller-gestion-color\/"},"author":{"name":"Iv\u00e1n","@id":"https:\/\/www.periciadocumental.es\/#\/schema\/person\/33d1b5f3f9e7bf3cdbd467540db25a3f"},"headline":"Taller de Gesti\u00f3n de Color","datePublished":"2017-03-02T20:09:44+00:00","dateModified":"2017-03-02T20:31:26+00:00","mainEntityOfPage":{"@id":"https:\/\/www.periciadocumental.es\/index.php\/2017\/03\/02\/taller-gestion-color\/"},"wordCount":270,"commentCount":0,"publisher":{"@id":"https:\/\/www.periciadocumental.es\/#\/schema\/person\/33d1b5f3f9e7bf3cdbd467540db25a3f"},"image":{"@id":"https:\/\/www.periciadocumental.es\/index.php\/2017\/03\/02\/taller-gestion-color\/#primaryimage"},"thumbnailUrl":"https:\/\/www.periciadocumental.es\/wp-content\/uploads\/2017\/03\/lamina.jpg","articleSection":["color","colorimetr\u00eda","Curso"],"inLanguage":"es","potentialAction":[{"@type":"CommentAction","name":"Comment","target":["https:\/\/www.periciadocumental.es\/index.php\/2017\/03\/02\/taller-gestion-color\/#respond"]}]},{"@type":"WebPage","@id":"https:\/\/www.periciadocumental.es\/index.php\/2017\/03\/02\/taller-gestion-color\/","url":"https:\/\/www.periciadocumental.es\/index.php\/2017\/03\/02\/taller-gestion-color\/","name":"Taller de Gesti\u00f3n de Color - Pericia Documental","isPartOf":{"@id":"https:\/\/www.periciadocumental.es\/#website"},"primaryImageOfPage":{"@id":"https:\/\/www.periciadocumental.es\/index.php\/2017\/03\/02\/taller-gestion-color\/#primaryimage"},"image":{"@id":"https:\/\/www.periciadocumental.es\/index.php\/2017\/03\/02\/taller-gestion-color\/#primaryimage"},"thumbnailUrl":"https:\/\/www.periciadocumental.es\/wp-content\/uploads\/2017\/03\/lamina.jpg","datePublished":"2017-03-02T20:09:44+00:00","dateModified":"2017-03-02T20:31:26+00:00","description":"Talleres de gesti\u00f3n de color en el flujo de trabajo digital y calibraci\u00f3n de c\u00e1maras y monitores.","breadcrumb":{"@id":"https:\/\/www.periciadocumental.es\/index.php\/2017\/03\/02\/taller-gestion-color\/#breadcrumb"},"inLanguage":"es","potentialAction":[{"@type":"ReadAction","target":["https:\/\/www.periciadocumental.es\/index.php\/2017\/03\/02\/taller-gestion-color\/"]}]},{"@type":"ImageObject","inLanguage":"es","@id":"https:\/\/www.periciadocumental.es\/index.php\/2017\/03\/02\/taller-gestion-color\/#primaryimage","url":"https:\/\/www.periciadocumental.es\/wp-content\/uploads\/2017\/03\/lamina.jpg","contentUrl":"https:\/\/www.periciadocumental.es\/wp-content\/uploads\/2017\/03\/lamina.jpg","width":800,"height":671},{"@type":"BreadcrumbList","@id":"https:\/\/www.periciadocumental.es\/index.php\/2017\/03\/02\/taller-gestion-color\/#breadcrumb","itemListElement":[{"@type":"ListItem","position":1,"name":"Portada","item":"https:\/\/www.periciadocumental.es\/"},{"@type":"ListItem","position":2,"name":"Taller de Gesti\u00f3n de Color"}]},{"@type":"WebSite","@id":"https:\/\/www.periciadocumental.es\/#website","url":"https:\/\/www.periciadocumental.es\/","name":"Pericia Documental","description":"","publisher":{"@id":"https:\/\/www.periciadocumental.es\/#\/schema\/person\/33d1b5f3f9e7bf3cdbd467540db25a3f"},"potentialAction":[{"@type":"SearchAction","target":{"@type":"EntryPoint","urlTemplate":"https:\/\/www.periciadocumental.es\/?s={search_term_string}"},"query-input":{"@type":"PropertyValueSpecification","valueRequired":true,"valueName":"search_term_string"}}],"inLanguage":"es"},{"@type":["Person","Organization"],"@id":"https:\/\/www.periciadocumental.es\/#\/schema\/person\/33d1b5f3f9e7bf3cdbd467540db25a3f","name":"Iv\u00e1n","image":{"@type":"ImageObject","inLanguage":"es","@id":"https:\/\/www.periciadocumental.es\/#\/schema\/person\/image\/","url":"https:\/\/www.periciadocumental.es\/wp-content\/uploads\/2022\/03\/Logo_p.png","contentUrl":"https:\/\/www.periciadocumental.es\/wp-content\/uploads\/2022\/03\/Logo_p.png","width":299,"height":58,"caption":"Iv\u00e1n"},"logo":{"@id":"https:\/\/www.periciadocumental.es\/#\/schema\/person\/image\/"}}]}},"_links":{"self":[{"href":"https:\/\/www.periciadocumental.es\/index.php\/wp-json\/wp\/v2\/posts\/855","targetHints":{"allow":["GET"]}}],"collection":[{"href":"https:\/\/www.periciadocumental.es\/index.php\/wp-json\/wp\/v2\/posts"}],"about":[{"href":"https:\/\/www.periciadocumental.es\/index.php\/wp-json\/wp\/v2\/types\/post"}],"author":[{"embeddable":true,"href":"https:\/\/www.periciadocumental.es\/index.php\/wp-json\/wp\/v2\/users\/1"}],"replies":[{"embeddable":true,"href":"https:\/\/www.periciadocumental.es\/index.php\/wp-json\/wp\/v2\/comments?post=855"}],"version-history":[{"count":6,"href":"https:\/\/www.periciadocumental.es\/index.php\/wp-json\/wp\/v2\/posts\/855\/revisions"}],"predecessor-version":[{"id":867,"href":"https:\/\/www.periciadocumental.es\/index.php\/wp-json\/wp\/v2\/posts\/855\/revisions\/867"}],"wp:featuredmedia":[{"embeddable":true,"href":"https:\/\/www.periciadocumental.es\/index.php\/wp-json\/wp\/v2\/media\/864"}],"wp:attachment":[{"href":"https:\/\/www.periciadocumental.es\/index.php\/wp-json\/wp\/v2\/media?parent=855"}],"wp:term":[{"taxonomy":"category","embeddable":true,"href":"https:\/\/www.periciadocumental.es\/index.php\/wp-json\/wp\/v2\/categories?post=855"},{"taxonomy":"post_tag","embeddable":true,"href":"https:\/\/www.periciadocumental.es\/index.php\/wp-json\/wp\/v2\/tags?post=855"}],"curies":[{"name":"wp","href":"https:\/\/api.w.org\/{rel}","templated":true}]}}