{"id":817,"date":"2017-01-06T19:01:37","date_gmt":"2017-01-06T19:01:37","guid":{"rendered":"http:\/\/www.periciadocumental.es\/?p=817"},"modified":"2019-09-06T19:33:59","modified_gmt":"2019-09-06T19:33:59","slug":"calibrar-la-pantalla-dispcalguiargyllcms","status":"publish","type":"post","link":"https:\/\/www.periciadocumental.es\/index.php\/2017\/01\/06\/calibrar-la-pantalla-dispcalguiargyllcms\/","title":{"rendered":"Calibrar la pantalla con DispcalGUI\/ArgyllCMS"},"content":{"rendered":"<h3><strong>Una de las cuestiones que m\u00e1s sale una y otra vez en cualquier foro de los que hablo es la calibraci\u00f3n de pantalla. Dentro de este tema, siempre acabo recomendando el DispcalGUI para realizar esta calibraci\u00f3n, ya sea porque los nuevos sistemas operativos no soportan los calibradores antiguos y no se actualiz\u00f3 el software o simplemente porque te gusta calibrar con garant\u00edas el monitor. Y este programa lo hace. Y adem\u00e1s es de uso gratuito, que no gratis, claro. No es lo mismo. Vamos con \u00e9l.<\/strong><\/h3>\n<p><!--more--><\/p>\n<p>Lo primero de todo es descargarse el programa. Y eso es lo m\u00e1s sencillo en este <a href=\"https:\/\/displaycal.net\/\" target=\"_blank\" rel=\"noopener noreferrer\">enlace<\/a>. No te servir\u00e1 de nada si no te bajas los ejecutables de ArgyllCMS, que es el programa que corre por debajo de esta interfaz gr\u00e1fica. El<a href=\"http:\/\/www.argyllcms.com\/\" target=\"_blank\" rel=\"noopener noreferrer\"> ArgyllCMS<\/a> te lo bajas aqu\u00ed.<\/p>\n<p>Lo bueno de este software es que trabaja con casi la totalidad de aparatos medidores de color que se han sacado desde hace una d\u00e9cada. Si existe, probablemente est\u00e9 aqu\u00ed. Adem\u00e1s es muy bueno, de hecho creo que el mejor calibrador de monitor que existe.\u00a0 Lo malo es que es un poco complejo de configurar, aunque ha mejorado bastante en los \u00faltimos tiempos y se est\u00e1 volviendo hasta amigable. Al principio no lo era. Creedme, llevo trasteando con \u00e9l desde hace a\u00f1os. Vamos al l\u00edo.<\/p>\n<p>Para instalar este programa en vuestro ordenador, deb\u00e9is descargar los dos paquetes que he puesto anteriormente.DispcalGUI\u00a0 en realidad es una forma visual de interactuar con el verdadero \u00abn\u00facleo:\u00a0 Argyll. Por ello, lo primero es instalar Argyll, simplemente descomprimiendo el fichero que os hab\u00e9is descargado en una carpeta cualquiera. Despu\u00e9s instal\u00e1is DispcalGUI y \u00e9l al arrancar os preguntar\u00e1 d\u00f3nde ten\u00e9is el ArgyllCMS. Lo gu\u00edas hasta donde se encuentra y ya est\u00e1, asunto resuelto. Empiezan los problemas.<\/p>\n<p>Lo mejor es que tengas el i1 Display Pro, que es actualmente el mejor color\u00edmetro para calibrar la pantalla. Para casi todos los dem\u00e1s deber\u00e1s de instalar los ejecutables USB desde Herramientas.<\/p>\n<figure id=\"attachment_820\" aria-describedby=\"caption-attachment-820\" style=\"width: 500px\" class=\"wp-caption aligncenter\"><img loading=\"lazy\" decoding=\"async\" class=\"wp-image-820\" src=\"http:\/\/www.periciadocumental.es\/wp-content\/uploads\/2017\/01\/Dispcal1-300x295.jpg\" width=\"500\" height=\"491\" srcset=\"https:\/\/www.periciadocumental.es\/wp-content\/uploads\/2017\/01\/Dispcal1-300x295.jpg 300w, https:\/\/www.periciadocumental.es\/wp-content\/uploads\/2017\/01\/Dispcal1.jpg 764w\" sizes=\"auto, (max-width: 500px) 100vw, 500px\" \/><figcaption id=\"caption-attachment-820\" class=\"wp-caption-text\">Ventana principal<\/figcaption><\/figure>\n<p>Yo uso la configuraci\u00f3n tal y como est\u00e1 en el pantallazo que adjunto, pero es porque uso un Espectrofot\u00f3metro y debo de corregir la desviaci\u00f3n de las mediciones de los negros. Un color\u00edmetro no lo usar\u00eda. En cambio, este tipo de aparatos, los color\u00edmetros, si no son el i1 Display ^Pro, necesitar\u00e1n unas correcciones espectrales. Bueno, instal\u00e1is los driver del aparato y listo. En ocasiones existen conflictos con el <em>driver<\/em> propio del aparato. En en ese caso, desinstal\u00e1is el \u00aboficial\u00bb y resolver\u00e9is el problema.<\/p>\n<p><img loading=\"lazy\" decoding=\"async\" class=\"size-full wp-image-822 aligncenter\" src=\"http:\/\/www.periciadocumental.es\/wp-content\/uploads\/2017\/01\/herramientas.jpg\" alt=\"\" width=\"680\" height=\"281\" srcset=\"https:\/\/www.periciadocumental.es\/wp-content\/uploads\/2017\/01\/herramientas.jpg 680w, https:\/\/www.periciadocumental.es\/wp-content\/uploads\/2017\/01\/herramientas-300x124.jpg 300w\" sizes=\"auto, (max-width: 680px) 100vw, 680px\" \/><\/p>\n<p>Seguimos con la calibraci\u00f3n. Yo uso los par\u00e1metros que est\u00e1n m\u00e1s adelante, que servir\u00e1n a la mayor\u00eda de los usuarios.<\/p>\n<p><img loading=\"lazy\" decoding=\"async\" class=\"size-full wp-image-823 aligncenter\" src=\"http:\/\/www.periciadocumental.es\/wp-content\/uploads\/2017\/01\/Calibration.jpg\" alt=\"\" width=\"989\" height=\"622\" srcset=\"https:\/\/www.periciadocumental.es\/wp-content\/uploads\/2017\/01\/Calibration.jpg 989w, https:\/\/www.periciadocumental.es\/wp-content\/uploads\/2017\/01\/Calibration-300x189.jpg 300w, https:\/\/www.periciadocumental.es\/wp-content\/uploads\/2017\/01\/Calibration-768x483.jpg 768w\" sizes=\"auto, (max-width: 989px) 100vw, 989px\" \/><\/p>\n<p><strong>Observador<\/strong>, lo mejor es dejarlo en CIE 1931 2\u00ba casi siempre. No entrar\u00e9 en detalles, pero as\u00ed se cumple la norma de observador.<\/p>\n<p><strong>Punto blanco<\/strong>: Puedes elegir temperatura, 6500 K normalmente, seg\u00fan la norma, D65, pero si el monitor va para artes gr\u00e1ficas lo ideal ser\u00eda 5000 K, D50, pero si el punto blanco nativo no es ese, perder\u00e1s gama de color. Lo ideal en este caso es pensar bien qu\u00e9 monitor es el id\u00f3neo para los menesteres que llevaremos a cabo. Si nuestras fotograf\u00edas o v\u00eddeos van a web o TV, lo mejor es 6500 K, si van a impresi\u00f3n, 5000 K ser\u00eda lo ideal.<\/p>\n<p><strong>Nivel de blanco y negro<\/strong>: escoged nativo. Pod\u00e9is trastear m\u00e1s adelante si quer\u00e9is oscurecer o aclarar la imagen. Yo lo dejo en nativo casi siempre.<\/p>\n<p><strong>Curva tonal:<\/strong> volvenos a las caracter\u00edsticas del monitor. lo normal hoy en d\u00eda es Gamma 2.2. Hay monitores que usan el 1.8. Pocos. Son m\u00e1s de artes gr\u00e1ficas.<\/p>\n<p>Pasad de <strong>Compensaci\u00f3n salida del negro y correcci\u00f3n del punto negro<\/strong>. En la siguiente ventana, eso s\u00ed,\u00a0 activad la \u00abCompensaci\u00f3n de punto negro\u00bb Suele ir bien casi siempre.<\/p>\n<p><img loading=\"lazy\" decoding=\"async\" class=\"size-full wp-image-824 aligncenter\" src=\"http:\/\/www.periciadocumental.es\/wp-content\/uploads\/2017\/01\/Compensacion.jpg\" alt=\"\" width=\"961\" height=\"302\" srcset=\"https:\/\/www.periciadocumental.es\/wp-content\/uploads\/2017\/01\/Compensacion.jpg 961w, https:\/\/www.periciadocumental.es\/wp-content\/uploads\/2017\/01\/Compensacion-300x94.jpg 300w, https:\/\/www.periciadocumental.es\/wp-content\/uploads\/2017\/01\/Compensacion-768x241.jpg 768w\" sizes=\"auto, (max-width: 961px) 100vw, 961px\" \/><\/p>\n<p>Tras todo esto y ejecutada la perfilaci\u00f3n, veremos la gama de color que es capza de reproducir el monitor. Si algo sali\u00f3 mal, podremos ver picos extra\u00f1os en la representaci\u00f3n de comparaci\u00f3n.\u00a0 Lo ideal es ir a verificaci\u00f3n y ejecutar una serie de parches de control con el instrumento de medida para comprobar que todo ha ido bien. Una vez finalizado, el programa os generar\u00e1 un informe bastante extenso del tipo a como pongo aqu\u00ed. Este tipo de datos se basan en el error DeltaE, que explico <a href=\"http:\/\/www.periciadocumental.es\/index.php\/2016\/07\/07\/comprobar-color-mediante-delta-e\/\">aqu\u00ed <\/a>mejor. Con ese informe, estaremos seguros que el color es el correcto.<\/p>\n<figure id=\"attachment_826\" aria-describedby=\"caption-attachment-826\" style=\"width: 600px\" class=\"wp-caption aligncenter\"><img loading=\"lazy\" decoding=\"async\" class=\"wp-image-826 size-full\" src=\"http:\/\/www.periciadocumental.es\/wp-content\/uploads\/2017\/01\/Perfilcheck-1.jpg\" width=\"600\" height=\"532\" srcset=\"https:\/\/www.periciadocumental.es\/wp-content\/uploads\/2017\/01\/Perfilcheck-1.jpg 600w, https:\/\/www.periciadocumental.es\/wp-content\/uploads\/2017\/01\/Perfilcheck-1-300x266.jpg 300w\" sizes=\"auto, (max-width: 600px) 100vw, 600px\" \/><figcaption id=\"caption-attachment-826\" class=\"wp-caption-text\">Informe de calidad de la perfilaci\u00f3n del monitor basado en error DeltaE.<\/figcaption><\/figure>\n<p>Y eso es todo. As\u00ed deber\u00eda de ir bien.<\/p>\n","protected":false},"excerpt":{"rendered":"<p>Una de las cuestiones que m\u00e1s sale una y otra vez en cualquier foro de los que hablo es la calibraci\u00f3n de pantalla. Dentro de este tema, siempre acabo recomendando el DispcalGUI para realizar esta calibraci\u00f3n, ya sea porque los nuevos sistemas operativos no soportan los calibradores antiguos y no&#8230;<\/p>\n","protected":false},"author":1,"featured_media":828,"comment_status":"open","ping_status":"open","sticky":false,"template":"","format":"standard","meta":{"footnotes":""},"categories":[15,28,10],"tags":[],"class_list":["post-817","post","type-post","status-publish","format-standard","has-post-thumbnail","hentry","category-color","category-colorimetria","category-divulgacion"],"yoast_head":"<!-- This site is optimized with the Yoast SEO plugin v25.7 - https:\/\/yoast.com\/wordpress\/plugins\/seo\/ -->\n<title>Calibrar la pantalla con DispcalGUI\/ArgyllCMS - Pericia Documental<\/title>\n<meta name=\"robots\" content=\"index, follow, max-snippet:-1, max-image-preview:large, max-video-preview:-1\" \/>\n<link rel=\"canonical\" href=\"https:\/\/www.periciadocumental.es\/index.php\/2017\/01\/06\/calibrar-la-pantalla-dispcalguiargyllcms\/\" \/>\n<meta property=\"og:locale\" content=\"es_ES\" \/>\n<meta property=\"og:type\" content=\"article\" \/>\n<meta property=\"og:title\" content=\"Calibrar la pantalla con DispcalGUI\/ArgyllCMS - Pericia Documental\" \/>\n<meta property=\"og:description\" content=\"Una de las cuestiones que m\u00e1s sale una y otra vez en cualquier foro de los que hablo es la calibraci\u00f3n de pantalla. Dentro de este tema, siempre acabo recomendando el DispcalGUI para realizar esta calibraci\u00f3n, ya sea porque los nuevos sistemas operativos no soportan los calibradores antiguos y no...\" \/>\n<meta property=\"og:url\" content=\"https:\/\/www.periciadocumental.es\/index.php\/2017\/01\/06\/calibrar-la-pantalla-dispcalguiargyllcms\/\" \/>\n<meta property=\"og:site_name\" content=\"Pericia Documental\" \/>\n<meta property=\"article:published_time\" content=\"2017-01-06T19:01:37+00:00\" \/>\n<meta property=\"article:modified_time\" content=\"2019-09-06T19:33:59+00:00\" \/>\n<meta property=\"og:image\" content=\"https:\/\/www.periciadocumental.es\/wp-content\/uploads\/2017\/01\/Captura.png\" \/>\n\t<meta property=\"og:image:width\" content=\"410\" \/>\n\t<meta property=\"og:image:height\" content=\"389\" \/>\n\t<meta property=\"og:image:type\" content=\"image\/png\" \/>\n<meta name=\"author\" content=\"Iv\u00e1n\" \/>\n<meta name=\"twitter:card\" content=\"summary_large_image\" \/>\n<meta name=\"twitter:label1\" content=\"Escrito por\" \/>\n\t<meta name=\"twitter:data1\" content=\"Iv\u00e1n\" \/>\n\t<meta name=\"twitter:label2\" content=\"Tiempo de lectura\" \/>\n\t<meta name=\"twitter:data2\" content=\"4 minutos\" \/>\n<script type=\"application\/ld+json\" class=\"yoast-schema-graph\">{\"@context\":\"https:\/\/schema.org\",\"@graph\":[{\"@type\":\"Article\",\"@id\":\"https:\/\/www.periciadocumental.es\/index.php\/2017\/01\/06\/calibrar-la-pantalla-dispcalguiargyllcms\/#article\",\"isPartOf\":{\"@id\":\"https:\/\/www.periciadocumental.es\/index.php\/2017\/01\/06\/calibrar-la-pantalla-dispcalguiargyllcms\/\"},\"author\":{\"name\":\"Iv\u00e1n\",\"@id\":\"https:\/\/www.periciadocumental.es\/#\/schema\/person\/33d1b5f3f9e7bf3cdbd467540db25a3f\"},\"headline\":\"Calibrar la pantalla con DispcalGUI\/ArgyllCMS\",\"datePublished\":\"2017-01-06T19:01:37+00:00\",\"dateModified\":\"2019-09-06T19:33:59+00:00\",\"mainEntityOfPage\":{\"@id\":\"https:\/\/www.periciadocumental.es\/index.php\/2017\/01\/06\/calibrar-la-pantalla-dispcalguiargyllcms\/\"},\"wordCount\":817,\"commentCount\":2,\"publisher\":{\"@id\":\"https:\/\/www.periciadocumental.es\/#\/schema\/person\/33d1b5f3f9e7bf3cdbd467540db25a3f\"},\"image\":{\"@id\":\"https:\/\/www.periciadocumental.es\/index.php\/2017\/01\/06\/calibrar-la-pantalla-dispcalguiargyllcms\/#primaryimage\"},\"thumbnailUrl\":\"https:\/\/www.periciadocumental.es\/wp-content\/uploads\/2017\/01\/Captura.png\",\"articleSection\":[\"color\",\"colorimetr\u00eda\",\"Divulgaci\u00f3n\"],\"inLanguage\":\"es\",\"potentialAction\":[{\"@type\":\"CommentAction\",\"name\":\"Comment\",\"target\":[\"https:\/\/www.periciadocumental.es\/index.php\/2017\/01\/06\/calibrar-la-pantalla-dispcalguiargyllcms\/#respond\"]}]},{\"@type\":\"WebPage\",\"@id\":\"https:\/\/www.periciadocumental.es\/index.php\/2017\/01\/06\/calibrar-la-pantalla-dispcalguiargyllcms\/\",\"url\":\"https:\/\/www.periciadocumental.es\/index.php\/2017\/01\/06\/calibrar-la-pantalla-dispcalguiargyllcms\/\",\"name\":\"Calibrar la pantalla con DispcalGUI\/ArgyllCMS - Pericia Documental\",\"isPartOf\":{\"@id\":\"https:\/\/www.periciadocumental.es\/#website\"},\"primaryImageOfPage\":{\"@id\":\"https:\/\/www.periciadocumental.es\/index.php\/2017\/01\/06\/calibrar-la-pantalla-dispcalguiargyllcms\/#primaryimage\"},\"image\":{\"@id\":\"https:\/\/www.periciadocumental.es\/index.php\/2017\/01\/06\/calibrar-la-pantalla-dispcalguiargyllcms\/#primaryimage\"},\"thumbnailUrl\":\"https:\/\/www.periciadocumental.es\/wp-content\/uploads\/2017\/01\/Captura.png\",\"datePublished\":\"2017-01-06T19:01:37+00:00\",\"dateModified\":\"2019-09-06T19:33:59+00:00\",\"breadcrumb\":{\"@id\":\"https:\/\/www.periciadocumental.es\/index.php\/2017\/01\/06\/calibrar-la-pantalla-dispcalguiargyllcms\/#breadcrumb\"},\"inLanguage\":\"es\",\"potentialAction\":[{\"@type\":\"ReadAction\",\"target\":[\"https:\/\/www.periciadocumental.es\/index.php\/2017\/01\/06\/calibrar-la-pantalla-dispcalguiargyllcms\/\"]}]},{\"@type\":\"ImageObject\",\"inLanguage\":\"es\",\"@id\":\"https:\/\/www.periciadocumental.es\/index.php\/2017\/01\/06\/calibrar-la-pantalla-dispcalguiargyllcms\/#primaryimage\",\"url\":\"https:\/\/www.periciadocumental.es\/wp-content\/uploads\/2017\/01\/Captura.png\",\"contentUrl\":\"https:\/\/www.periciadocumental.es\/wp-content\/uploads\/2017\/01\/Captura.png\",\"width\":410,\"height\":389},{\"@type\":\"BreadcrumbList\",\"@id\":\"https:\/\/www.periciadocumental.es\/index.php\/2017\/01\/06\/calibrar-la-pantalla-dispcalguiargyllcms\/#breadcrumb\",\"itemListElement\":[{\"@type\":\"ListItem\",\"position\":1,\"name\":\"Portada\",\"item\":\"https:\/\/www.periciadocumental.es\/\"},{\"@type\":\"ListItem\",\"position\":2,\"name\":\"Calibrar la pantalla con DispcalGUI\/ArgyllCMS\"}]},{\"@type\":\"WebSite\",\"@id\":\"https:\/\/www.periciadocumental.es\/#website\",\"url\":\"https:\/\/www.periciadocumental.es\/\",\"name\":\"Pericia Documental\",\"description\":\"\",\"publisher\":{\"@id\":\"https:\/\/www.periciadocumental.es\/#\/schema\/person\/33d1b5f3f9e7bf3cdbd467540db25a3f\"},\"potentialAction\":[{\"@type\":\"SearchAction\",\"target\":{\"@type\":\"EntryPoint\",\"urlTemplate\":\"https:\/\/www.periciadocumental.es\/?s={search_term_string}\"},\"query-input\":{\"@type\":\"PropertyValueSpecification\",\"valueRequired\":true,\"valueName\":\"search_term_string\"}}],\"inLanguage\":\"es\"},{\"@type\":[\"Person\",\"Organization\"],\"@id\":\"https:\/\/www.periciadocumental.es\/#\/schema\/person\/33d1b5f3f9e7bf3cdbd467540db25a3f\",\"name\":\"Iv\u00e1n\",\"image\":{\"@type\":\"ImageObject\",\"inLanguage\":\"es\",\"@id\":\"https:\/\/www.periciadocumental.es\/#\/schema\/person\/image\/\",\"url\":\"https:\/\/www.periciadocumental.es\/wp-content\/uploads\/2022\/03\/Logo_p.png\",\"contentUrl\":\"https:\/\/www.periciadocumental.es\/wp-content\/uploads\/2022\/03\/Logo_p.png\",\"width\":299,\"height\":58,\"caption\":\"Iv\u00e1n\"},\"logo\":{\"@id\":\"https:\/\/www.periciadocumental.es\/#\/schema\/person\/image\/\"}}]}<\/script>\n<!-- \/ Yoast SEO plugin. -->","yoast_head_json":{"title":"Calibrar la pantalla con DispcalGUI\/ArgyllCMS - Pericia Documental","robots":{"index":"index","follow":"follow","max-snippet":"max-snippet:-1","max-image-preview":"max-image-preview:large","max-video-preview":"max-video-preview:-1"},"canonical":"https:\/\/www.periciadocumental.es\/index.php\/2017\/01\/06\/calibrar-la-pantalla-dispcalguiargyllcms\/","og_locale":"es_ES","og_type":"article","og_title":"Calibrar la pantalla con DispcalGUI\/ArgyllCMS - Pericia Documental","og_description":"Una de las cuestiones que m\u00e1s sale una y otra vez en cualquier foro de los que hablo es la calibraci\u00f3n de pantalla. Dentro de este tema, siempre acabo recomendando el DispcalGUI para realizar esta calibraci\u00f3n, ya sea porque los nuevos sistemas operativos no soportan los calibradores antiguos y no...","og_url":"https:\/\/www.periciadocumental.es\/index.php\/2017\/01\/06\/calibrar-la-pantalla-dispcalguiargyllcms\/","og_site_name":"Pericia Documental","article_published_time":"2017-01-06T19:01:37+00:00","article_modified_time":"2019-09-06T19:33:59+00:00","og_image":[{"width":410,"height":389,"url":"https:\/\/www.periciadocumental.es\/wp-content\/uploads\/2017\/01\/Captura.png","type":"image\/png"}],"author":"Iv\u00e1n","twitter_card":"summary_large_image","twitter_misc":{"Escrito por":"Iv\u00e1n","Tiempo de lectura":"4 minutos"},"schema":{"@context":"https:\/\/schema.org","@graph":[{"@type":"Article","@id":"https:\/\/www.periciadocumental.es\/index.php\/2017\/01\/06\/calibrar-la-pantalla-dispcalguiargyllcms\/#article","isPartOf":{"@id":"https:\/\/www.periciadocumental.es\/index.php\/2017\/01\/06\/calibrar-la-pantalla-dispcalguiargyllcms\/"},"author":{"name":"Iv\u00e1n","@id":"https:\/\/www.periciadocumental.es\/#\/schema\/person\/33d1b5f3f9e7bf3cdbd467540db25a3f"},"headline":"Calibrar la pantalla con DispcalGUI\/ArgyllCMS","datePublished":"2017-01-06T19:01:37+00:00","dateModified":"2019-09-06T19:33:59+00:00","mainEntityOfPage":{"@id":"https:\/\/www.periciadocumental.es\/index.php\/2017\/01\/06\/calibrar-la-pantalla-dispcalguiargyllcms\/"},"wordCount":817,"commentCount":2,"publisher":{"@id":"https:\/\/www.periciadocumental.es\/#\/schema\/person\/33d1b5f3f9e7bf3cdbd467540db25a3f"},"image":{"@id":"https:\/\/www.periciadocumental.es\/index.php\/2017\/01\/06\/calibrar-la-pantalla-dispcalguiargyllcms\/#primaryimage"},"thumbnailUrl":"https:\/\/www.periciadocumental.es\/wp-content\/uploads\/2017\/01\/Captura.png","articleSection":["color","colorimetr\u00eda","Divulgaci\u00f3n"],"inLanguage":"es","potentialAction":[{"@type":"CommentAction","name":"Comment","target":["https:\/\/www.periciadocumental.es\/index.php\/2017\/01\/06\/calibrar-la-pantalla-dispcalguiargyllcms\/#respond"]}]},{"@type":"WebPage","@id":"https:\/\/www.periciadocumental.es\/index.php\/2017\/01\/06\/calibrar-la-pantalla-dispcalguiargyllcms\/","url":"https:\/\/www.periciadocumental.es\/index.php\/2017\/01\/06\/calibrar-la-pantalla-dispcalguiargyllcms\/","name":"Calibrar la pantalla con DispcalGUI\/ArgyllCMS - Pericia Documental","isPartOf":{"@id":"https:\/\/www.periciadocumental.es\/#website"},"primaryImageOfPage":{"@id":"https:\/\/www.periciadocumental.es\/index.php\/2017\/01\/06\/calibrar-la-pantalla-dispcalguiargyllcms\/#primaryimage"},"image":{"@id":"https:\/\/www.periciadocumental.es\/index.php\/2017\/01\/06\/calibrar-la-pantalla-dispcalguiargyllcms\/#primaryimage"},"thumbnailUrl":"https:\/\/www.periciadocumental.es\/wp-content\/uploads\/2017\/01\/Captura.png","datePublished":"2017-01-06T19:01:37+00:00","dateModified":"2019-09-06T19:33:59+00:00","breadcrumb":{"@id":"https:\/\/www.periciadocumental.es\/index.php\/2017\/01\/06\/calibrar-la-pantalla-dispcalguiargyllcms\/#breadcrumb"},"inLanguage":"es","potentialAction":[{"@type":"ReadAction","target":["https:\/\/www.periciadocumental.es\/index.php\/2017\/01\/06\/calibrar-la-pantalla-dispcalguiargyllcms\/"]}]},{"@type":"ImageObject","inLanguage":"es","@id":"https:\/\/www.periciadocumental.es\/index.php\/2017\/01\/06\/calibrar-la-pantalla-dispcalguiargyllcms\/#primaryimage","url":"https:\/\/www.periciadocumental.es\/wp-content\/uploads\/2017\/01\/Captura.png","contentUrl":"https:\/\/www.periciadocumental.es\/wp-content\/uploads\/2017\/01\/Captura.png","width":410,"height":389},{"@type":"BreadcrumbList","@id":"https:\/\/www.periciadocumental.es\/index.php\/2017\/01\/06\/calibrar-la-pantalla-dispcalguiargyllcms\/#breadcrumb","itemListElement":[{"@type":"ListItem","position":1,"name":"Portada","item":"https:\/\/www.periciadocumental.es\/"},{"@type":"ListItem","position":2,"name":"Calibrar la pantalla con DispcalGUI\/ArgyllCMS"}]},{"@type":"WebSite","@id":"https:\/\/www.periciadocumental.es\/#website","url":"https:\/\/www.periciadocumental.es\/","name":"Pericia Documental","description":"","publisher":{"@id":"https:\/\/www.periciadocumental.es\/#\/schema\/person\/33d1b5f3f9e7bf3cdbd467540db25a3f"},"potentialAction":[{"@type":"SearchAction","target":{"@type":"EntryPoint","urlTemplate":"https:\/\/www.periciadocumental.es\/?s={search_term_string}"},"query-input":{"@type":"PropertyValueSpecification","valueRequired":true,"valueName":"search_term_string"}}],"inLanguage":"es"},{"@type":["Person","Organization"],"@id":"https:\/\/www.periciadocumental.es\/#\/schema\/person\/33d1b5f3f9e7bf3cdbd467540db25a3f","name":"Iv\u00e1n","image":{"@type":"ImageObject","inLanguage":"es","@id":"https:\/\/www.periciadocumental.es\/#\/schema\/person\/image\/","url":"https:\/\/www.periciadocumental.es\/wp-content\/uploads\/2022\/03\/Logo_p.png","contentUrl":"https:\/\/www.periciadocumental.es\/wp-content\/uploads\/2022\/03\/Logo_p.png","width":299,"height":58,"caption":"Iv\u00e1n"},"logo":{"@id":"https:\/\/www.periciadocumental.es\/#\/schema\/person\/image\/"}}]}},"_links":{"self":[{"href":"https:\/\/www.periciadocumental.es\/index.php\/wp-json\/wp\/v2\/posts\/817","targetHints":{"allow":["GET"]}}],"collection":[{"href":"https:\/\/www.periciadocumental.es\/index.php\/wp-json\/wp\/v2\/posts"}],"about":[{"href":"https:\/\/www.periciadocumental.es\/index.php\/wp-json\/wp\/v2\/types\/post"}],"author":[{"embeddable":true,"href":"https:\/\/www.periciadocumental.es\/index.php\/wp-json\/wp\/v2\/users\/1"}],"replies":[{"embeddable":true,"href":"https:\/\/www.periciadocumental.es\/index.php\/wp-json\/wp\/v2\/comments?post=817"}],"version-history":[{"count":9,"href":"https:\/\/www.periciadocumental.es\/index.php\/wp-json\/wp\/v2\/posts\/817\/revisions"}],"predecessor-version":[{"id":1447,"href":"https:\/\/www.periciadocumental.es\/index.php\/wp-json\/wp\/v2\/posts\/817\/revisions\/1447"}],"wp:featuredmedia":[{"embeddable":true,"href":"https:\/\/www.periciadocumental.es\/index.php\/wp-json\/wp\/v2\/media\/828"}],"wp:attachment":[{"href":"https:\/\/www.periciadocumental.es\/index.php\/wp-json\/wp\/v2\/media?parent=817"}],"wp:term":[{"taxonomy":"category","embeddable":true,"href":"https:\/\/www.periciadocumental.es\/index.php\/wp-json\/wp\/v2\/categories?post=817"},{"taxonomy":"post_tag","embeddable":true,"href":"https:\/\/www.periciadocumental.es\/index.php\/wp-json\/wp\/v2\/tags?post=817"}],"curies":[{"name":"wp","href":"https:\/\/api.w.org\/{rel}","templated":true}]}}