{"id":491,"date":"2016-09-14T09:06:36","date_gmt":"2016-09-14T09:06:36","guid":{"rendered":"http:\/\/www.periciadocumental.es\/?p=491"},"modified":"2017-01-06T16:28:22","modified_gmt":"2017-01-06T16:28:22","slug":"nueva-pagina-fotografiaycolor","status":"publish","type":"post","link":"https:\/\/www.periciadocumental.es\/index.php\/2016\/09\/14\/nueva-pagina-fotografiaycolor\/","title":{"rendered":"P\u00e1gina nueva: FOTOGRAFIAYCOLOR.ES"},"content":{"rendered":"<h3><strong>Nueva p\u00e1gina que nace con el \u00e1nimo de ofrecer soluciones pr\u00e1cticas, en forma de formaci\u00f3n, cursos, a muchos usuarios habituales de la fotograf\u00eda. Soluciones relacionas con el color y su tratamiento en el \u00e1mbito \u201cdigital\u201d, espacio este que ahora es <em>todo<\/em> en el mundo de la fotograf\u00eda. Porque aunque normalmente si te gusta este mundo de la imagen se suele estar al tanto de los aspectos t\u00e9cnicos y las nuevas novedades en equipamientos, adentrarse en el proceloso mundo de la gesti\u00f3n de color ya suele ser m\u00e1s extra\u00f1o.<\/strong><\/h3>\n<p><!--more-->Soy Iv\u00e1n. Procedo del sector de la imprenta, como muchos otros. He trabajado con muchos fot\u00f3grafos a lo largo de mi carrera en el sector gr\u00e1fico. Javier Gonz\u00e1lez, mi compa\u00f1ero en esta aventura, es uno de ellos. Un fot\u00f3grafo. Me consta que por vocaci\u00f3n. Pero \u00e9l tambi\u00e9n es dise\u00f1ador y entre sus trabajos, se cuentan docenas de trabajos mandados a imprenta. Entre ellos cat\u00e1logos. De piezas, de muebles, de cualquier cosa. Y ah\u00ed es donde te das cuenta de la importancia de contar con una adecuada <strong>gesti\u00f3n del color<\/strong> en todos estos flujos digitales. Hace a\u00f1os yo supervisaba cat\u00e1logos de subastas de arte donde el color era primordial, desde el fot\u00f3grafo y la captura hasta el impreso final, y ah\u00ed es donde me di cuenta de que ten\u00eda que dominar esto.\u00a0 Porque luego llegaron las tiendas <em>online<\/em> y nos dimos cuenta que las necesidades eran las mismas. <em>Papel o p\u00edxel<\/em>. Que m\u00e1s da.\u00a0 Lo veo aqu\u00ed, delante mio, pero lo quiero ver igual en la pantalla y tambi\u00e9n en el cat\u00e1logo.\u00a0 Y claro. Ah\u00ed empiezan los problemas.<\/p>\n<figure id=\"attachment_496\" aria-describedby=\"caption-attachment-496\" style=\"width: 600px\" class=\"wp-caption aligncenter\"><img loading=\"lazy\" decoding=\"async\" class=\"wp-image-496 size-full\" src=\"http:\/\/www.periciadocumental.es\/wp-content\/uploads\/2016\/09\/Aputure_w.jpg\" alt=\"Anillo led de fotograf\u00eda macro\" width=\"600\" height=\"630\" srcset=\"https:\/\/www.periciadocumental.es\/wp-content\/uploads\/2016\/09\/Aputure_w.jpg 600w, https:\/\/www.periciadocumental.es\/wp-content\/uploads\/2016\/09\/Aputure_w-286x300.jpg 286w, https:\/\/www.periciadocumental.es\/wp-content\/uploads\/2016\/09\/Aputure_w-333x350.jpg 333w\" sizes=\"auto, (max-width: 600px) 100vw, 600px\" \/><figcaption id=\"caption-attachment-496\" class=\"wp-caption-text\">Anillo led de fotograf\u00eda macro<\/figcaption><\/figure>\n<p>En Espa\u00f1a no es f\u00e1cil aprender sobre como gestionar el color en un flujo digital moderno. Comprarse un libro no es la soluci\u00f3n. Lo abres <em><strong>y te machacan<\/strong><\/em>. ICC, Diagrama GAFT, calibrar el monitor en busca del gamut posible, Adobe RGB,\u2026 Buf, Bueno, claro, todo esto est\u00e1 muy bien, pero <em><strong>\u00bfqui\u00e9n soluciona mi problema? <\/strong><\/em>Color, s\u00ed, el color.\u00a0 Ese era la cuesti\u00f3n. <strong>\u00bfQuieres sacar fotograf\u00edas dentales?<\/strong> Blancos que no salen. Pero, si tengo una c\u00e1mara r\u00e9flex, <em>\u00bfno es suficiente?<\/em> No. Lo siento. Ese es el primer pelda\u00f1o de un proceso.<\/p>\n<p>Javier y yo vamos a intentar realizar cursos pr\u00e1cticos que est\u00e9n basados en la gesti\u00f3n de color. Lo haremos de forma amena y <strong>sin usar tecnicismos innecesarios<\/strong>. Comenzamos la serie de cursos con la <em><strong>fotograf\u00eda dental<\/strong><\/em>. Para ello, explicaremos de forma breve los objetivos macro o pseudo-macro y qu\u00e9 tipo de gesti\u00f3n de color hay que realizar en un software tipo como es Adobe Lightroom o CR. Aprenderemos a <a href=\"http:\/\/fotografiaycolor.es\/hola-mundo\/\"><strong>disparar en RAW<\/strong><\/a> y c\u00f3mo se revela este tipo de archivo digital cada vez m\u00e1s usado en \u00e1mbitos fotogr\u00e1ficos profesionales. <strong>Calibraremos la c\u00e1mara con cartas de color<\/strong> y ense\u00f1aremos una serie de pautas para que todo esto sea una rutina m\u00e1s y no un complejo conjunto de farragosas acciones. Por supuesto, tocaremos tambi\u00e9n el tema de la <strong>polarizaci\u00f3n cruzada<\/strong> para eliminar los reflejos dentales que desvirt\u00faan el color. Es una t\u00e9cnica bien conocida en la fotograf\u00eda de \u00f3leos art\u00edsticos. Usaremos filtros profesionales, pero tambi\u00e9n ense\u00f1aremos un poco de bricolaje con l\u00e1minas polarizadas neutras de acetato. M\u00e1s adelante quiero exprimir las impresoras de chorro de tinta y entrar en el fascinante mundo del glic\u00e9e.<\/p>\n<p>Creo que podemos ser \u00fatiles en su trabajo diario. En esta p\u00e1gina encontrar\u00e1 m\u00e1s informaci\u00f3n sobre todo esto de lo que escribo.\u00a0 Actualmente en construcci\u00f3n, pero que pronto ver\u00e1 la luz.<\/p>\n<p>Iv\u00e1n.<\/p>\n<h2 style=\"text-align: center;\"><a href=\"http:\/\/www.fotografiaycolor.es\">fotografiaycolor<\/a><\/h2>\n<p>&nbsp;<\/p>\n<p>&nbsp;<\/p>\n","protected":false},"excerpt":{"rendered":"<p>Nueva p\u00e1gina que nace con el \u00e1nimo de ofrecer soluciones pr\u00e1cticas, en forma de formaci\u00f3n, cursos, a muchos usuarios habituales de la fotograf\u00eda. Soluciones relacionas con el color y su tratamiento en el \u00e1mbito \u201cdigital\u201d, espacio este que ahora es todo en el mundo de la fotograf\u00eda. Porque aunque normalmente&#8230;<\/p>\n","protected":false},"author":1,"featured_media":493,"comment_status":"open","ping_status":"open","sticky":false,"template":"","format":"standard","meta":{"footnotes":""},"categories":[28,7,27],"tags":[],"class_list":["post-491","post","type-post","status-publish","format-standard","has-post-thumbnail","hentry","category-colorimetria","category-curso","category-fotografia"],"yoast_head":"<!-- This site is optimized with the Yoast SEO plugin v25.7 - https:\/\/yoast.com\/wordpress\/plugins\/seo\/ -->\n<title>P\u00e1gina nueva: FOTOGRAFIAYCOLOR.ES - Pericia Documental<\/title>\n<meta name=\"description\" content=\"Nueva p\u00e1gina de formaci\u00f3n en cursos de gesti\u00f3n de color en fotograf\u00eda e impresi\u00f3n avanzada en inkjet\" \/>\n<meta name=\"robots\" content=\"index, follow, max-snippet:-1, max-image-preview:large, max-video-preview:-1\" \/>\n<link rel=\"canonical\" href=\"https:\/\/www.periciadocumental.es\/index.php\/2016\/09\/14\/nueva-pagina-fotografiaycolor\/\" \/>\n<meta property=\"og:locale\" content=\"es_ES\" \/>\n<meta property=\"og:type\" content=\"article\" \/>\n<meta property=\"og:title\" content=\"P\u00e1gina nueva: FOTOGRAFIAYCOLOR.ES - Pericia Documental\" \/>\n<meta property=\"og:description\" content=\"Nueva p\u00e1gina de formaci\u00f3n en cursos de gesti\u00f3n de color en fotograf\u00eda e impresi\u00f3n avanzada en inkjet\" \/>\n<meta property=\"og:url\" content=\"https:\/\/www.periciadocumental.es\/index.php\/2016\/09\/14\/nueva-pagina-fotografiaycolor\/\" \/>\n<meta property=\"og:site_name\" content=\"Pericia Documental\" \/>\n<meta property=\"article:published_time\" content=\"2016-09-14T09:06:36+00:00\" \/>\n<meta property=\"article:modified_time\" content=\"2017-01-06T16:28:22+00:00\" \/>\n<meta property=\"og:image\" content=\"https:\/\/www.periciadocumental.es\/wp-content\/uploads\/2016\/09\/perfil.jpg\" \/>\n\t<meta property=\"og:image:width\" content=\"750\" \/>\n\t<meta property=\"og:image:height\" content=\"525\" \/>\n\t<meta property=\"og:image:type\" content=\"image\/jpeg\" \/>\n<meta name=\"author\" content=\"Iv\u00e1n\" \/>\n<meta name=\"twitter:card\" content=\"summary_large_image\" \/>\n<meta name=\"twitter:label1\" content=\"Escrito por\" \/>\n\t<meta name=\"twitter:data1\" content=\"Iv\u00e1n\" \/>\n\t<meta name=\"twitter:label2\" content=\"Tiempo de lectura\" \/>\n\t<meta name=\"twitter:data2\" content=\"3 minutos\" \/>\n<script type=\"application\/ld+json\" class=\"yoast-schema-graph\">{\"@context\":\"https:\/\/schema.org\",\"@graph\":[{\"@type\":\"Article\",\"@id\":\"https:\/\/www.periciadocumental.es\/index.php\/2016\/09\/14\/nueva-pagina-fotografiaycolor\/#article\",\"isPartOf\":{\"@id\":\"https:\/\/www.periciadocumental.es\/index.php\/2016\/09\/14\/nueva-pagina-fotografiaycolor\/\"},\"author\":{\"name\":\"Iv\u00e1n\",\"@id\":\"https:\/\/www.periciadocumental.es\/#\/schema\/person\/33d1b5f3f9e7bf3cdbd467540db25a3f\"},\"headline\":\"P\u00e1gina nueva: FOTOGRAFIAYCOLOR.ES\",\"datePublished\":\"2016-09-14T09:06:36+00:00\",\"dateModified\":\"2017-01-06T16:28:22+00:00\",\"mainEntityOfPage\":{\"@id\":\"https:\/\/www.periciadocumental.es\/index.php\/2016\/09\/14\/nueva-pagina-fotografiaycolor\/\"},\"wordCount\":654,\"commentCount\":0,\"publisher\":{\"@id\":\"https:\/\/www.periciadocumental.es\/#\/schema\/person\/33d1b5f3f9e7bf3cdbd467540db25a3f\"},\"image\":{\"@id\":\"https:\/\/www.periciadocumental.es\/index.php\/2016\/09\/14\/nueva-pagina-fotografiaycolor\/#primaryimage\"},\"thumbnailUrl\":\"https:\/\/www.periciadocumental.es\/wp-content\/uploads\/2016\/09\/perfil.jpg\",\"articleSection\":[\"colorimetr\u00eda\",\"Curso\",\"fotograf\u00eda\"],\"inLanguage\":\"es\",\"potentialAction\":[{\"@type\":\"CommentAction\",\"name\":\"Comment\",\"target\":[\"https:\/\/www.periciadocumental.es\/index.php\/2016\/09\/14\/nueva-pagina-fotografiaycolor\/#respond\"]}]},{\"@type\":\"WebPage\",\"@id\":\"https:\/\/www.periciadocumental.es\/index.php\/2016\/09\/14\/nueva-pagina-fotografiaycolor\/\",\"url\":\"https:\/\/www.periciadocumental.es\/index.php\/2016\/09\/14\/nueva-pagina-fotografiaycolor\/\",\"name\":\"P\u00e1gina nueva: FOTOGRAFIAYCOLOR.ES - Pericia Documental\",\"isPartOf\":{\"@id\":\"https:\/\/www.periciadocumental.es\/#website\"},\"primaryImageOfPage\":{\"@id\":\"https:\/\/www.periciadocumental.es\/index.php\/2016\/09\/14\/nueva-pagina-fotografiaycolor\/#primaryimage\"},\"image\":{\"@id\":\"https:\/\/www.periciadocumental.es\/index.php\/2016\/09\/14\/nueva-pagina-fotografiaycolor\/#primaryimage\"},\"thumbnailUrl\":\"https:\/\/www.periciadocumental.es\/wp-content\/uploads\/2016\/09\/perfil.jpg\",\"datePublished\":\"2016-09-14T09:06:36+00:00\",\"dateModified\":\"2017-01-06T16:28:22+00:00\",\"description\":\"Nueva p\u00e1gina de formaci\u00f3n en cursos de gesti\u00f3n de color en fotograf\u00eda e impresi\u00f3n avanzada en inkjet\",\"breadcrumb\":{\"@id\":\"https:\/\/www.periciadocumental.es\/index.php\/2016\/09\/14\/nueva-pagina-fotografiaycolor\/#breadcrumb\"},\"inLanguage\":\"es\",\"potentialAction\":[{\"@type\":\"ReadAction\",\"target\":[\"https:\/\/www.periciadocumental.es\/index.php\/2016\/09\/14\/nueva-pagina-fotografiaycolor\/\"]}]},{\"@type\":\"ImageObject\",\"inLanguage\":\"es\",\"@id\":\"https:\/\/www.periciadocumental.es\/index.php\/2016\/09\/14\/nueva-pagina-fotografiaycolor\/#primaryimage\",\"url\":\"https:\/\/www.periciadocumental.es\/wp-content\/uploads\/2016\/09\/perfil.jpg\",\"contentUrl\":\"https:\/\/www.periciadocumental.es\/wp-content\/uploads\/2016\/09\/perfil.jpg\",\"width\":750,\"height\":525},{\"@type\":\"BreadcrumbList\",\"@id\":\"https:\/\/www.periciadocumental.es\/index.php\/2016\/09\/14\/nueva-pagina-fotografiaycolor\/#breadcrumb\",\"itemListElement\":[{\"@type\":\"ListItem\",\"position\":1,\"name\":\"Portada\",\"item\":\"https:\/\/www.periciadocumental.es\/\"},{\"@type\":\"ListItem\",\"position\":2,\"name\":\"P\u00e1gina nueva: FOTOGRAFIAYCOLOR.ES\"}]},{\"@type\":\"WebSite\",\"@id\":\"https:\/\/www.periciadocumental.es\/#website\",\"url\":\"https:\/\/www.periciadocumental.es\/\",\"name\":\"Pericia Documental\",\"description\":\"\",\"publisher\":{\"@id\":\"https:\/\/www.periciadocumental.es\/#\/schema\/person\/33d1b5f3f9e7bf3cdbd467540db25a3f\"},\"potentialAction\":[{\"@type\":\"SearchAction\",\"target\":{\"@type\":\"EntryPoint\",\"urlTemplate\":\"https:\/\/www.periciadocumental.es\/?s={search_term_string}\"},\"query-input\":{\"@type\":\"PropertyValueSpecification\",\"valueRequired\":true,\"valueName\":\"search_term_string\"}}],\"inLanguage\":\"es\"},{\"@type\":[\"Person\",\"Organization\"],\"@id\":\"https:\/\/www.periciadocumental.es\/#\/schema\/person\/33d1b5f3f9e7bf3cdbd467540db25a3f\",\"name\":\"Iv\u00e1n\",\"image\":{\"@type\":\"ImageObject\",\"inLanguage\":\"es\",\"@id\":\"https:\/\/www.periciadocumental.es\/#\/schema\/person\/image\/\",\"url\":\"https:\/\/www.periciadocumental.es\/wp-content\/uploads\/2022\/03\/Logo_p.png\",\"contentUrl\":\"https:\/\/www.periciadocumental.es\/wp-content\/uploads\/2022\/03\/Logo_p.png\",\"width\":299,\"height\":58,\"caption\":\"Iv\u00e1n\"},\"logo\":{\"@id\":\"https:\/\/www.periciadocumental.es\/#\/schema\/person\/image\/\"}}]}<\/script>\n<!-- \/ Yoast SEO plugin. -->","yoast_head_json":{"title":"P\u00e1gina nueva: FOTOGRAFIAYCOLOR.ES - Pericia Documental","description":"Nueva p\u00e1gina de formaci\u00f3n en cursos de gesti\u00f3n de color en fotograf\u00eda e impresi\u00f3n avanzada en inkjet","robots":{"index":"index","follow":"follow","max-snippet":"max-snippet:-1","max-image-preview":"max-image-preview:large","max-video-preview":"max-video-preview:-1"},"canonical":"https:\/\/www.periciadocumental.es\/index.php\/2016\/09\/14\/nueva-pagina-fotografiaycolor\/","og_locale":"es_ES","og_type":"article","og_title":"P\u00e1gina nueva: FOTOGRAFIAYCOLOR.ES - Pericia Documental","og_description":"Nueva p\u00e1gina de formaci\u00f3n en cursos de gesti\u00f3n de color en fotograf\u00eda e impresi\u00f3n avanzada en inkjet","og_url":"https:\/\/www.periciadocumental.es\/index.php\/2016\/09\/14\/nueva-pagina-fotografiaycolor\/","og_site_name":"Pericia Documental","article_published_time":"2016-09-14T09:06:36+00:00","article_modified_time":"2017-01-06T16:28:22+00:00","og_image":[{"width":750,"height":525,"url":"https:\/\/www.periciadocumental.es\/wp-content\/uploads\/2016\/09\/perfil.jpg","type":"image\/jpeg"}],"author":"Iv\u00e1n","twitter_card":"summary_large_image","twitter_misc":{"Escrito por":"Iv\u00e1n","Tiempo de lectura":"3 minutos"},"schema":{"@context":"https:\/\/schema.org","@graph":[{"@type":"Article","@id":"https:\/\/www.periciadocumental.es\/index.php\/2016\/09\/14\/nueva-pagina-fotografiaycolor\/#article","isPartOf":{"@id":"https:\/\/www.periciadocumental.es\/index.php\/2016\/09\/14\/nueva-pagina-fotografiaycolor\/"},"author":{"name":"Iv\u00e1n","@id":"https:\/\/www.periciadocumental.es\/#\/schema\/person\/33d1b5f3f9e7bf3cdbd467540db25a3f"},"headline":"P\u00e1gina nueva: FOTOGRAFIAYCOLOR.ES","datePublished":"2016-09-14T09:06:36+00:00","dateModified":"2017-01-06T16:28:22+00:00","mainEntityOfPage":{"@id":"https:\/\/www.periciadocumental.es\/index.php\/2016\/09\/14\/nueva-pagina-fotografiaycolor\/"},"wordCount":654,"commentCount":0,"publisher":{"@id":"https:\/\/www.periciadocumental.es\/#\/schema\/person\/33d1b5f3f9e7bf3cdbd467540db25a3f"},"image":{"@id":"https:\/\/www.periciadocumental.es\/index.php\/2016\/09\/14\/nueva-pagina-fotografiaycolor\/#primaryimage"},"thumbnailUrl":"https:\/\/www.periciadocumental.es\/wp-content\/uploads\/2016\/09\/perfil.jpg","articleSection":["colorimetr\u00eda","Curso","fotograf\u00eda"],"inLanguage":"es","potentialAction":[{"@type":"CommentAction","name":"Comment","target":["https:\/\/www.periciadocumental.es\/index.php\/2016\/09\/14\/nueva-pagina-fotografiaycolor\/#respond"]}]},{"@type":"WebPage","@id":"https:\/\/www.periciadocumental.es\/index.php\/2016\/09\/14\/nueva-pagina-fotografiaycolor\/","url":"https:\/\/www.periciadocumental.es\/index.php\/2016\/09\/14\/nueva-pagina-fotografiaycolor\/","name":"P\u00e1gina nueva: FOTOGRAFIAYCOLOR.ES - Pericia Documental","isPartOf":{"@id":"https:\/\/www.periciadocumental.es\/#website"},"primaryImageOfPage":{"@id":"https:\/\/www.periciadocumental.es\/index.php\/2016\/09\/14\/nueva-pagina-fotografiaycolor\/#primaryimage"},"image":{"@id":"https:\/\/www.periciadocumental.es\/index.php\/2016\/09\/14\/nueva-pagina-fotografiaycolor\/#primaryimage"},"thumbnailUrl":"https:\/\/www.periciadocumental.es\/wp-content\/uploads\/2016\/09\/perfil.jpg","datePublished":"2016-09-14T09:06:36+00:00","dateModified":"2017-01-06T16:28:22+00:00","description":"Nueva p\u00e1gina de formaci\u00f3n en cursos de gesti\u00f3n de color en fotograf\u00eda e impresi\u00f3n avanzada en inkjet","breadcrumb":{"@id":"https:\/\/www.periciadocumental.es\/index.php\/2016\/09\/14\/nueva-pagina-fotografiaycolor\/#breadcrumb"},"inLanguage":"es","potentialAction":[{"@type":"ReadAction","target":["https:\/\/www.periciadocumental.es\/index.php\/2016\/09\/14\/nueva-pagina-fotografiaycolor\/"]}]},{"@type":"ImageObject","inLanguage":"es","@id":"https:\/\/www.periciadocumental.es\/index.php\/2016\/09\/14\/nueva-pagina-fotografiaycolor\/#primaryimage","url":"https:\/\/www.periciadocumental.es\/wp-content\/uploads\/2016\/09\/perfil.jpg","contentUrl":"https:\/\/www.periciadocumental.es\/wp-content\/uploads\/2016\/09\/perfil.jpg","width":750,"height":525},{"@type":"BreadcrumbList","@id":"https:\/\/www.periciadocumental.es\/index.php\/2016\/09\/14\/nueva-pagina-fotografiaycolor\/#breadcrumb","itemListElement":[{"@type":"ListItem","position":1,"name":"Portada","item":"https:\/\/www.periciadocumental.es\/"},{"@type":"ListItem","position":2,"name":"P\u00e1gina nueva: FOTOGRAFIAYCOLOR.ES"}]},{"@type":"WebSite","@id":"https:\/\/www.periciadocumental.es\/#website","url":"https:\/\/www.periciadocumental.es\/","name":"Pericia Documental","description":"","publisher":{"@id":"https:\/\/www.periciadocumental.es\/#\/schema\/person\/33d1b5f3f9e7bf3cdbd467540db25a3f"},"potentialAction":[{"@type":"SearchAction","target":{"@type":"EntryPoint","urlTemplate":"https:\/\/www.periciadocumental.es\/?s={search_term_string}"},"query-input":{"@type":"PropertyValueSpecification","valueRequired":true,"valueName":"search_term_string"}}],"inLanguage":"es"},{"@type":["Person","Organization"],"@id":"https:\/\/www.periciadocumental.es\/#\/schema\/person\/33d1b5f3f9e7bf3cdbd467540db25a3f","name":"Iv\u00e1n","image":{"@type":"ImageObject","inLanguage":"es","@id":"https:\/\/www.periciadocumental.es\/#\/schema\/person\/image\/","url":"https:\/\/www.periciadocumental.es\/wp-content\/uploads\/2022\/03\/Logo_p.png","contentUrl":"https:\/\/www.periciadocumental.es\/wp-content\/uploads\/2022\/03\/Logo_p.png","width":299,"height":58,"caption":"Iv\u00e1n"},"logo":{"@id":"https:\/\/www.periciadocumental.es\/#\/schema\/person\/image\/"}}]}},"_links":{"self":[{"href":"https:\/\/www.periciadocumental.es\/index.php\/wp-json\/wp\/v2\/posts\/491","targetHints":{"allow":["GET"]}}],"collection":[{"href":"https:\/\/www.periciadocumental.es\/index.php\/wp-json\/wp\/v2\/posts"}],"about":[{"href":"https:\/\/www.periciadocumental.es\/index.php\/wp-json\/wp\/v2\/types\/post"}],"author":[{"embeddable":true,"href":"https:\/\/www.periciadocumental.es\/index.php\/wp-json\/wp\/v2\/users\/1"}],"replies":[{"embeddable":true,"href":"https:\/\/www.periciadocumental.es\/index.php\/wp-json\/wp\/v2\/comments?post=491"}],"version-history":[{"count":13,"href":"https:\/\/www.periciadocumental.es\/index.php\/wp-json\/wp\/v2\/posts\/491\/revisions"}],"predecessor-version":[{"id":814,"href":"https:\/\/www.periciadocumental.es\/index.php\/wp-json\/wp\/v2\/posts\/491\/revisions\/814"}],"wp:featuredmedia":[{"embeddable":true,"href":"https:\/\/www.periciadocumental.es\/index.php\/wp-json\/wp\/v2\/media\/493"}],"wp:attachment":[{"href":"https:\/\/www.periciadocumental.es\/index.php\/wp-json\/wp\/v2\/media?parent=491"}],"wp:term":[{"taxonomy":"category","embeddable":true,"href":"https:\/\/www.periciadocumental.es\/index.php\/wp-json\/wp\/v2\/categories?post=491"},{"taxonomy":"post_tag","embeddable":true,"href":"https:\/\/www.periciadocumental.es\/index.php\/wp-json\/wp\/v2\/tags?post=491"}],"curies":[{"name":"wp","href":"https:\/\/api.w.org\/{rel}","templated":true}]}}